{"id":306669,"date":"2026-09-04T08:00:47","date_gmt":"2026-09-04T11:00:47","guid":{"rendered":"https:\/\/portalpopmais.com.br\/?p=306669"},"modified":"2026-09-04T08:00:49","modified_gmt":"2026-09-04T11:00:49","slug":"rock-in-rio-2026-horarios-dia-4","status":"publish","type":"post","link":"https:\/\/portalpopmais.com.br\/en\/rock-in-rio-2026-horarios-dia-4\/","title":{"rendered":"Rock in Rio 2026 come\u00e7a nesta sexta-feira (4); confira o line-up e os hor\u00e1rios dos shows"},"content":{"rendered":"<p class=\"wp-block-paragraph\">O <strong><a href=\"https:\/\/portalpopmais.com.br\/en\/trends\/rock-in-rio-2026\/\" data-type=\"post_tag\" data-id=\"21815\">Rock in Rio 2026<\/a><\/strong> abre oficialmente sua programa\u00e7\u00e3o nesta sexta-feira (4), marcando o in\u00edcio de mais uma edi\u00e7\u00e3o do maior festival de m\u00fasica do pa\u00eds. Realizado na Cidade do Rock, no Parque Ol\u00edmpico da Barra da Tijuca, no Rio de Janeiro, o evento re\u00fane artistas nacionais e internacionais ao longo de sete dias de apresenta\u00e7\u00f5es.<\/p>\n\n\n\n<p class=\"wp-block-paragraph\">A estreia do festival ser\u00e1 comandada pelo Foo Fighters, principal atra\u00e7\u00e3o da noite no Palco Mundo. Antes da banda norte-americana, sobem ao palco Nova Twins, The Hives e Rise Against. J\u00e1 no Palco Sunset, o p\u00fablico poder\u00e1 acompanhar shows de Di Ferrero, Detonautas com participa\u00e7\u00e3o do Biquini, Hot Milk e Capital Inicial, que recebe o guitarrista Dado Villa-Lobos em uma apresenta\u00e7\u00e3o especial.<\/p>\n\n\n\n<p class=\"wp-block-paragraph\">Al\u00e9m dos palcos principais, o festival oferece uma programa\u00e7\u00e3o diversificada em outros espa\u00e7os da Cidade do Rock. O New Dance Order ter\u00e1 apresenta\u00e7\u00f5es de Cat Dealers, Atk\u00f6, Giu x Carola e Steve Angello. No Espa\u00e7o Favela, os destaques s\u00e3o GBZ7N, Hitmaker e Rodrigo do CN. J\u00e1 o Palco Supernova recebe Chady, Rock in Gil com Larissa Luz, Venere Vai Venus e Diogo Defante, enquanto o Global Village contar\u00e1 com shows de Giovana Moraes, Leela e Paulinho Moska.<\/p>\n\n\n\n<p class=\"wp-block-paragraph\">A edi\u00e7\u00e3o de 2026 acontece ainda nos dias 5, 6, 7, 11, 12 e 13 de setembro. Entre os artistas mais aguardados do festival est\u00e3o Elton John, Demi Lovato, Calvin Harris, Stray Kids, Twenty One Pilots, Halsey, Zara Larsson e Jamiroquai.<\/p>\n\n\n\n<h3 class=\"wp-block-heading\">Onde assistir<\/h3>\n\n\n\n<p class=\"wp-block-paragraph\">Quem n\u00e3o estiver na Cidade do Rock poder\u00e1 acompanhar a programa\u00e7\u00e3o pela televis\u00e3o. A transmiss\u00e3o oficial ser\u00e1 realizada pelo Grupo Globo, com o Multishow exibindo diariamente os shows dos palcos Mundo e Sunset a partir das 15h15.<\/p>\n\n\n\n<h2 class=\"wp-block-heading\">Line-up desta sexta-feira (4)<\/h2>\n\n\n\n<h3 class=\"wp-block-heading\">Palco Mundo<\/h3>\n\n\n\n<ul class=\"wp-block-list\">\n<li>16h40 \u2013 Nova Twins<\/li>\n\n\n\n<li>19h00 \u2013 The Hives<\/li>\n\n\n\n<li>21h20 \u2013 Rise Against<\/li>\n\n\n\n<li>0h05 \u2013 Foo Fighters<\/li>\n<\/ul>\n\n\n\n<h3 class=\"wp-block-heading\">Palco Sunset<\/h3>\n\n\n\n<ul class=\"wp-block-list\">\n<li>15h30 \u2013 Di Ferrero<\/li>\n\n\n\n<li>17h50 \u2013 Detonautas convidam Biquini<\/li>\n\n\n\n<li>20h10 \u2013 Hot Milk<\/li>\n\n\n\n<li>22h45 \u2013 Capital Inicial convida Dado Villa-Lobos<\/li>\n<\/ul>\n\n\n\n<h3 class=\"wp-block-heading\">New Dance Order<\/h3>\n\n\n\n<ul class=\"wp-block-list\">\n<li>21h05 \u2013 Cat Dealers<\/li>\n\n\n\n<li>22h30 \u2013 Atk\u00f6<\/li>\n\n\n\n<li>0h00 \u2013 Giu x Carola<\/li>\n\n\n\n<li>1h30 \u2013 Steve Angello<\/li>\n<\/ul>\n\n\n\n<h3 class=\"wp-block-heading\">Espa\u00e7o Favela<\/h3>\n\n\n\n<ul class=\"wp-block-list\">\n<li>15h00 \u2013 GBZ7N<\/li>\n\n\n\n<li>16h50 \u2013 Hitmaker<\/li>\n\n\n\n<li>19h10 \u2013 Rodrigo do CN<\/li>\n<\/ul>\n\n\n\n<h3 class=\"wp-block-heading\">Palco Supernova<\/h3>\n\n\n\n<ul class=\"wp-block-list\">\n<li>14h30 \u2013 Chady<\/li>\n\n\n\n<li>16h00 \u2013 Rock in Gil com Larissa Luz<\/li>\n\n\n\n<li>18h00 \u2013 Venere Vai Venus<\/li>\n\n\n\n<li>20h10 \u2013 Diogo Defante<\/li>\n<\/ul>\n\n\n\n<h3 class=\"wp-block-heading\">Palco Global Village<\/h3>\n\n\n\n<ul class=\"wp-block-list\">\n<li>15h00 \u2013 Giovana Moraes<\/li>\n\n\n\n<li>16h50 \u2013 Leela<\/li>\n\n\n\n<li>19h10 \u2013 Paulinho Moska<\/li>\n<\/ul>","protected":false},"excerpt":{"rendered":"<p>O Rock in Rio 2026 abre oficialmente sua programa\u00e7\u00e3o nesta sexta-feira (4), marcando o in\u00edcio de mais uma edi\u00e7\u00e3o do maior festival de m\u00fasica do pa\u00eds. Realizado na Cidade do Rock, no Parque Ol\u00edmpico da Barra da Tijuca, no Rio de Janeiro, o evento re\u00fane artistas nacionais e internacionais ao longo de sete dias de [&hellip;]<\/p>\n","protected":false},"author":1,"featured_media":284618,"comment_status":"closed","ping_status":"closed","sticky":false,"template":"","format":"standard","meta":{"footnotes":""},"categories":[154],"tags":[18550,21815],"class_list":["post-306669","post","type-post","status-publish","format-standard","has-post-thumbnail","hentry","category-musica","tag-destaque","tag-rock-in-rio-2026"],"_links":{"self":[{"href":"https:\/\/portalpopmais.com.br\/en\/wp-json\/wp\/v2\/posts\/306669","targetHints":{"allow":["GET"]}}],"collection":[{"href":"https:\/\/portalpopmais.com.br\/en\/wp-json\/wp\/v2\/posts"}],"about":[{"href":"https:\/\/portalpopmais.com.br\/en\/wp-json\/wp\/v2\/types\/post"}],"author":[{"embeddable":true,"href":"https:\/\/portalpopmais.com.br\/en\/wp-json\/wp\/v2\/users\/1"}],"replies":[{"embeddable":true,"href":"https:\/\/portalpopmais.com.br\/en\/wp-json\/wp\/v2\/comments?post=306669"}],"version-history":[{"count":1,"href":"https:\/\/portalpopmais.com.br\/en\/wp-json\/wp\/v2\/posts\/306669\/revisions"}],"predecessor-version":[{"id":306670,"href":"https:\/\/portalpopmais.com.br\/en\/wp-json\/wp\/v2\/posts\/306669\/revisions\/306670"}],"wp:featuredmedia":[{"embeddable":true,"href":"https:\/\/portalpopmais.com.br\/en\/wp-json\/wp\/v2\/media\/284618"}],"wp:attachment":[{"href":"https:\/\/portalpopmais.com.br\/en\/wp-json\/wp\/v2\/media?parent=306669"}],"wp:term":[{"taxonomy":"category","embeddable":true,"href":"https:\/\/portalpopmais.com.br\/en\/wp-json\/wp\/v2\/categories?post=306669"},{"taxonomy":"post_tag","embeddable":true,"href":"https:\/\/portalpopmais.com.br\/en\/wp-json\/wp\/v2\/tags?post=306669"}],"curies":[{"name":"wp","href":"https:\/\/api.w.org\/{rel}","templated":true}]}}