{"id":306679,"date":"2026-09-04T09:50:59","date_gmt":"2026-09-04T12:50:59","guid":{"rendered":"https:\/\/portalpopmais.com.br\/?p=306679"},"modified":"2026-09-04T11:00:49","modified_gmt":"2026-09-04T14:00:49","slug":"quem-e-participante-perdeu-perna-indenizacao","status":"publish","type":"post","link":"https:\/\/portalpopmais.com.br\/en\/quem-e-participante-perdeu-perna-indenizacao\/","title":{"rendered":"Saiba quem \u00e9 o jovem que perdeu a perna durante reality e pede indeniza\u00e7\u00e3o de R$ 510 milh\u00f5es"},"content":{"rendered":"<p class=\"wp-block-paragraph\">Aos 21 anos, Stavros Floros entrou na 13\u00aa temporada do reality show <em>Survivor Gr\u00e9cia<\/em>, mas <a href=\"https:\/\/portalpopmais.com.br\/en\/participante-de-reality-perde-parte-da-perna-apos-acidente-e-programa-e-suspenso\/\">deixou o programa ap\u00f3s sofrer um grave acidente que mudou sua vida<\/a>. Durante as grava\u00e7\u00f5es, em maio deste ano, o jovem perdeu a perna esquerda ao ser atingido pela h\u00e9lice de um barco tur\u00edstico enquanto participava de uma atividade de pesca submarina na Ilha Saona, na Rep\u00fablica Dominicana.<\/p>\n\n\n\n<p class=\"wp-block-paragraph\">Ap\u00f3s o acidente, Floros entrou com uma a\u00e7\u00e3o judicial contra os produtores do programa e pede uma indeniza\u00e7\u00e3o de US$ 100 milh\u00f5es, valor equivalente a cerca de R$ 510 milh\u00f5es na cota\u00e7\u00e3o atual. Segundo informa\u00e7\u00f5es divulgadas pelo site TMZ, que teve acesso aos documentos do processo, o ex-participante acusa a produ\u00e7\u00e3o de neglig\u00eancia grave.<\/p>\n\n\n<div class=\"wp-block-image\">\n<figure class=\"aligncenter size-full\"><img loading=\"lazy\" decoding=\"async\" width=\"1000\" height=\"673\" src=\"https:\/\/portalpopmais.com.br\/wp-content\/uploads\/2026\/09\/image-21.png\" alt=\"\" class=\"wp-image-306681\" title=\"\" srcset=\"https:\/\/portalpopmais.com.br\/wp-content\/uploads\/2026\/09\/image-21.png 1000w, https:\/\/portalpopmais.com.br\/wp-content\/uploads\/2026\/09\/image-21-18x12.png 18w, https:\/\/portalpopmais.com.br\/wp-content\/uploads\/2026\/09\/image-21-767x516.png 767w\" sizes=\"auto, (max-width: 1000px) 100vw, 1000px\" \/><figcaption class=\"wp-element-caption\">Stavros Floros, participante do reality &#8216;Survivor Greece&#8217; \u2014 Foto: Reprodu\u00e7\u00e3o<\/figcaption><\/figure>\n<\/div>\n\n\n<h3 class=\"wp-block-heading\">Acidente durante as grava\u00e7\u00f5es<\/h3>\n\n\n\n<p class=\"wp-block-paragraph\">De acordo com o relato apresentado no processo, Stavros foi atingido pela h\u00e9lice de uma embarca\u00e7\u00e3o enquanto estava no mar. O jovem afirma que recebeu os primeiros socorros de uma pessoa que estava a bordo de um barco tur\u00edstico.<\/p>\n\n\n\n<p class=\"wp-block-paragraph\">&#8220;Um torniquete foi aplicado por um estranho a bordo do barco tur\u00edstico que me manteve vivo&#8221;, relatou Floros nos documentos judiciais.<\/p>\n\n\n\n<p class=\"wp-block-paragraph\">Ap\u00f3s o resgate, ele foi levado para um hospital em Miami, na Fl\u00f3rida, nos Estados Unidos. O jovem permaneceu internado por mais de dois meses e passou por diversas cirurgias durante o tratamento.<\/p>\n\n\n\n<p class=\"wp-block-paragraph\">Floros tamb\u00e9m afirma que o local onde ocorreu o acidente era frequentado por diversos barcos tur\u00edsticos e n\u00e3o apresentava medidas b\u00e1sicas de seguran\u00e7a. Segundo ele, n\u00e3o havia sinaliza\u00e7\u00e3o de advert\u00eancia, \u00e1reas isoladas para proteger os participantes ou embarca\u00e7\u00f5es de apoio m\u00e9dico dispon\u00edveis no momento da atividade.<\/p>\n\n\n\n<h3 class=\"wp-block-heading\">Vida ap\u00f3s o acidente<\/h3>\n\n\n\n<p class=\"wp-block-paragraph\">Desde o acidente, Stavros passou a compartilhar nas redes sociais registros de sua recupera\u00e7\u00e3o. O jovem tem mais de 146 mil seguidores no Instagram e publica imagens de sua rotina utilizando cadeira de rodas ou andador.<\/p>\n\n\n\n<p class=\"wp-block-paragraph\">Em maio, ainda internado, ele publicou um v\u00eddeo diretamente da cama do hospital e agradeceu o apoio recebido de familiares, amigos e seguidores.<\/p>\n\n\n\n<p class=\"wp-block-paragraph\">&#8220;Um &#8216;obrigado&#8217; parece pouco diante de todo o amor que recebi. Tudo que aconteceu \u00e9, na verdade, um milagre. Obrigado a todos por me proporcionarem este sorriso&#8221;, escreveu.<\/p>\n\n\n\n<p class=\"wp-block-paragraph\">Naquele mesmo m\u00eas, Floros afirmou que ainda teria um longo processo de recupera\u00e7\u00e3o pela frente, mas decidiu manter uma postura positiva diante da situa\u00e7\u00e3o.<\/p>\n\n\n\n<p class=\"wp-block-paragraph\">&#8220;Ainda h\u00e1 um caminho a percorrer, mas precisamos focar nos aspectos positivos e n\u00e3o nos negativos. Voc\u00eas nunca devem desistir; voc\u00eas me ajudam a cerrar os dentes e seguir em frente&#8221;, declarou.<\/p>\n\n\n\n<blockquote class=\"tiktok-embed\" cite=\"https:\/\/www.tiktok.com\/@stavros.floros\/video\/7652457981920972040\" data-video-id=\"7652457981920972040\" style=\"max-width: 605px;min-width: 325px;\" > <section> <a target=\"_blank\" title=\"@stavros.floros\" href=\"https:\/\/www.tiktok.com\/@stavros.floros?refer=embed\" rel=\"noopener\">@stavros.floros<\/a> thank you for support&#8230; <a title=\"fyp\u30b7\" target=\"_blank\" href=\"https:\/\/www.tiktok.com\/tag\/fyp%E3%82%B7?refer=embed\" rel=\"noopener\">#fyp\u30b7<\/a> <a title=\"stavrosfloros\" target=\"_blank\" href=\"https:\/\/www.tiktok.com\/tag\/stavrosfloros?refer=embed\" rel=\"noopener\">#stavrosfloros<\/a> <a target=\"_blank\" title=\"\u266c original sound - Stavrosflo\" href=\"https:\/\/www.tiktok.com\/music\/original-sound-7652458091253877511?refer=embed\" rel=\"noopener\">\u266c original sound &#8211; Stavrosflo<\/a> <\/section> <\/blockquote> <script async src=\"https:\/\/www.tiktok.com\/embed.js\"><\/script>\n\n\n\n<h3 class=\"wp-block-heading\">Retorno \u00e0 Gr\u00e9cia<\/h3>\n\n\n\n<p class=\"wp-block-paragraph\">Em junho, cerca de um m\u00eas ap\u00f3s o acidente, Stavros voltou a falar sobre o per\u00edodo dif\u00edcil que estava enfrentando e destacou novamente o apoio recebido.<\/p>\n\n\n\n<p class=\"wp-block-paragraph\">&#8220;J\u00e1 se passou um m\u00eas desde que tudo mudou&#8230; Na semana mais dif\u00edcil e dolorosa da minha recupera\u00e7\u00e3o, tive meus apoios: Deus, a Virgem Maria, minha fam\u00edlia e, claro, voc\u00eas&#8221;, publicou.<\/p>\n\n\n\n<p class=\"wp-block-paragraph\">Em julho, o jovem finalmente retornou \u00e0 Gr\u00e9cia. Ele compartilhou imagens do reencontro com familiares, amigos e f\u00e3s e descreveu o momento como uma volta para casa ap\u00f3s meses de dificuldades.<\/p>\n\n\n\n<p class=\"wp-block-paragraph\">&#8220;Retorno \u00e0 minha terra natal e ao meu povo depois de tantas dificuldades. Passei por muita dor e muitas l\u00e1grimas, o que me ajudou a valorizar muitas coisas. Eu me tornei mais forte, mais fiel e mais s\u00e1bio por causa desta pequena odisseia e, finalmente, cheguei \u00e0 minha \u00cdtaca. De volta \u00e0 Gr\u00e9cia&#8221;, escreveu.<\/p>\n\n\n\n<p class=\"wp-block-paragraph\">Agora, al\u00e9m de seguir com a recupera\u00e7\u00e3o e a adapta\u00e7\u00e3o \u00e0 nova realidade, Stavros Floros busca responsabilizar judicialmente os respons\u00e1veis pela produ\u00e7\u00e3o do reality e pede uma indeniza\u00e7\u00e3o milion\u00e1ria pelo acidente que resultou na amputa\u00e7\u00e3o de sua perna.<\/p>","protected":false},"excerpt":{"rendered":"<p>Participante da 13\u00aa temporada de Survivor Gr\u00e9cia sofreu o acidente durante uma atividade de pesca submarina na Rep\u00fablica Dominicana e acusa a produ\u00e7\u00e3o de neglig\u00eancia<\/p>","protected":false},"author":1,"featured_media":306680,"comment_status":"closed","ping_status":"closed","sticky":false,"template":"","format":"standard","meta":{"footnotes":""},"categories":[2165],"tags":[18550,21923,10436],"class_list":["post-306679","post","type-post","status-publish","format-standard","has-post-thumbnail","hentry","category-noticias","tag-destaque","tag-stavros-floros","tag-viral"],"_links":{"self":[{"href":"https:\/\/portalpopmais.com.br\/en\/wp-json\/wp\/v2\/posts\/306679","targetHints":{"allow":["GET"]}}],"collection":[{"href":"https:\/\/portalpopmais.com.br\/en\/wp-json\/wp\/v2\/posts"}],"about":[{"href":"https:\/\/portalpopmais.com.br\/en\/wp-json\/wp\/v2\/types\/post"}],"author":[{"embeddable":true,"href":"https:\/\/portalpopmais.com.br\/en\/wp-json\/wp\/v2\/users\/1"}],"replies":[{"embeddable":true,"href":"https:\/\/portalpopmais.com.br\/en\/wp-json\/wp\/v2\/comments?post=306679"}],"version-history":[{"count":2,"href":"https:\/\/portalpopmais.com.br\/en\/wp-json\/wp\/v2\/posts\/306679\/revisions"}],"predecessor-version":[{"id":306684,"href":"https:\/\/portalpopmais.com.br\/en\/wp-json\/wp\/v2\/posts\/306679\/revisions\/306684"}],"wp:featuredmedia":[{"embeddable":true,"href":"https:\/\/portalpopmais.com.br\/en\/wp-json\/wp\/v2\/media\/306680"}],"wp:attachment":[{"href":"https:\/\/portalpopmais.com.br\/en\/wp-json\/wp\/v2\/media?parent=306679"}],"wp:term":[{"taxonomy":"category","embeddable":true,"href":"https:\/\/portalpopmais.com.br\/en\/wp-json\/wp\/v2\/categories?post=306679"},{"taxonomy":"post_tag","embeddable":true,"href":"https:\/\/portalpopmais.com.br\/en\/wp-json\/wp\/v2\/tags?post=306679"}],"curies":[{"name":"wp","href":"https:\/\/api.w.org\/{rel}","templated":true}]}}