{"id":306729,"date":"2026-09-04T14:20:11","date_gmt":"2026-09-04T17:20:11","guid":{"rendered":"https:\/\/portalpopmais.com.br\/?p=306729"},"modified":"2026-09-04T14:20:15","modified_gmt":"2026-09-04T17:20:15","slug":"setlist-the-hives-rock-in-rio-2026","status":"publish","type":"post","link":"https:\/\/portalpopmais.com.br\/en\/setlist-the-hives-rock-in-rio-2026\/","title":{"rendered":"The Hives no Rock in Rio 2026: confira a poss\u00edvel setlist, hor\u00e1rio e palco do show"},"content":{"rendered":"<p class=\"wp-block-paragraph\">A banda sueca <strong><a href=\"https:\/\/portalpopmais.com.br\/en\/trends\/the-hives\/\" data-type=\"post_tag\" data-id=\"21928\">The Hives<\/a><\/strong> \u00e9 uma das atra\u00e7\u00f5es do primeiro dia do <strong><a href=\"https:\/\/portalpopmais.com.br\/en\/trends\/rock-in-rio-2026\/\" data-type=\"post_tag\" data-id=\"21815\">Rock in Rio 2026<\/a><\/strong>, nesta sexta-feira (4). O grupo sobe ao <strong>Palco Mundo<\/strong> ao lado de Nova Twins, Rise Against e Foo Fighters, levando ao festival um repert\u00f3rio que deve reunir cl\u00e1ssicos da carreira e m\u00fasicas do \u00e1lbum mais recente.<\/p>\n\n\n\n<p class=\"wp-block-paragraph\">Embora a banda ainda n\u00e3o tenha divulgado oficialmente o repert\u00f3rio para o show no Brasil, as apresenta\u00e7\u00f5es mais recentes da turn\u00ea indicam quais faixas t\u00eam grandes chances de integrar a setlist.<\/p>\n\n\n\n<ul class=\"wp-block-list\">\n<li><strong>Veja tamb\u00e9m:\u00a0<\/strong><a href=\"https:\/\/portalpopmais.com.br\/en\/rock-in-rio-2026-divulga-horarios-dos-shows-e-detalhes-de-transporte-confira-a-programacao-por-dia\/\">Rock in Rio 2026: veja todos os hor\u00e1rios dos shows<\/a><\/li>\n<\/ul>\n\n\n<div class=\"wp-block-image\">\n<figure class=\"aligncenter size-large\"><img loading=\"lazy\" decoding=\"async\" width=\"1170\" height=\"694\" src=\"https:\/\/portalpopmais.com.br\/wp-content\/uploads\/2026\/09\/image-26-1170x694.png\" alt=\"\" class=\"wp-image-306731\" title=\"\" srcset=\"https:\/\/portalpopmais.com.br\/wp-content\/uploads\/2026\/09\/image-26-1170x694.png 1170w, https:\/\/portalpopmais.com.br\/wp-content\/uploads\/2026\/09\/image-26-768x456.png 768w, https:\/\/portalpopmais.com.br\/wp-content\/uploads\/2026\/09\/image-26-18x10.png 18w\" sizes=\"auto, (max-width: 1170px) 100vw, 1170px\" \/><figcaption class=\"wp-element-caption\">The Hives \u2013 Foto: Dean Bradshaw<\/figcaption><\/figure>\n<\/div>\n\n\n<h2 class=\"wp-block-heading\">Poss\u00edvel setlist do The Hives no Rock in Rio 2026<\/h2>\n\n\n\n<p class=\"wp-block-paragraph\">Com base nos \u00faltimos shows da banda, o p\u00fablico pode esperar as seguintes m\u00fasicas:<\/p>\n\n\n\n<ul class=\"wp-block-list\">\n<li>Enough Is Enough<\/li>\n\n\n\n<li>Main Offender<\/li>\n\n\n\n<li>Hooray Hooray Hooray<\/li>\n\n\n\n<li>Rigor Mortis Radio<\/li>\n\n\n\n<li>Paint a Picture<\/li>\n\n\n\n<li>Bogus Operandi<\/li>\n\n\n\n<li>Hate to Say I Told You So<\/li>\n\n\n\n<li>O.C.D.O.D.<\/li>\n\n\n\n<li>Countdown to Shutdown<\/li>\n\n\n\n<li>Born a Rebel<\/li>\n\n\n\n<li>Come On!<\/li>\n\n\n\n<li>Tick Tick Boom<\/li>\n\n\n\n<li>Legalize Living<\/li>\n\n\n\n<li>Walk Idiot Walk<\/li>\n\n\n\n<li>The Hives Forever Forever The Hives<\/li>\n<\/ul>\n\n\n\n<p class=\"wp-block-paragraph\">A setlist oficial pode sofrer altera\u00e7\u00f5es at\u00e9 o in\u00edcio da apresenta\u00e7\u00e3o.<\/p>\n\n\n\n<center><iframe loading=\"lazy\" width=\"560\" height=\"315\" src=\"https:\/\/www.youtube.com\/embed\/Uz1Jwyxd4tE?si=pmF16PIFLyuYYAcc\" title=\"YouTube video player\" frameborder=\"0\" allow=\"accelerometer; autoplay; clipboard-write; encrypted-media; gyroscope; picture-in-picture; web-share\" referrerpolicy=\"strict-origin-when-cross-origin\" allowfullscreen><\/iframe><\/center>\n\n\n\n<h2 class=\"wp-block-heading\">Que horas ser\u00e1 o show do The Hives?<\/h2>\n\n\n\n<p class=\"wp-block-paragraph\">Segundo a programa\u00e7\u00e3o oficial do <strong>Rock in Rio 2026<\/strong>, o The Hives est\u00e1 previsto para subir ao <strong>Palco Mundo \u00e0s 19h<\/strong> desta sexta-feira (4).<\/p>\n\n\n\n<p class=\"wp-block-paragraph\">Os port\u00f5es da Cidade do Rock ser\u00e3o abertos \u00e0s <strong>14h<\/strong>, mas os hor\u00e1rios das apresenta\u00e7\u00f5es podem ser alterados pela organiza\u00e7\u00e3o do festival.<\/p>\n\n\n\n<h2 class=\"wp-block-heading\">Em qual palco o The Hives vai tocar?<\/h2>\n\n\n\n<p class=\"wp-block-paragraph\">O grupo far\u00e1 seu show no <strong>Palco Mundo<\/strong>, principal espa\u00e7o do Rock in Rio.<\/p>\n\n\n\n<p class=\"wp-block-paragraph\">No primeiro dia do festival, o palco ter\u00e1 programa\u00e7\u00e3o dedicada ao rock, com apresenta\u00e7\u00f5es de <strong>Nova Twins<\/strong>, <strong>Rise Against<\/strong>, <strong>The Hives<\/strong> e <strong>Foo Fighters<\/strong>, atra\u00e7\u00e3o respons\u00e1vel por encerrar a noite.<\/p>","protected":false},"excerpt":{"rendered":"<p>Banda sueca se apresenta nesta sexta-feira (4) no Palco Mundo e deve reunir sucessos como &#8220;Hate to Say I Told You So&#8221;, &#8220;Tick Tick Boom&#8221; e &#8220;Main Offender&#8221;.<\/p>","protected":false},"author":38,"featured_media":306730,"comment_status":"closed","ping_status":"closed","sticky":false,"template":"","format":"standard","meta":{"footnotes":""},"categories":[154],"tags":[21815,21928],"class_list":["post-306729","post","type-post","status-publish","format-standard","has-post-thumbnail","hentry","category-musica","tag-rock-in-rio-2026","tag-the-hives"],"_links":{"self":[{"href":"https:\/\/portalpopmais.com.br\/en\/wp-json\/wp\/v2\/posts\/306729","targetHints":{"allow":["GET"]}}],"collection":[{"href":"https:\/\/portalpopmais.com.br\/en\/wp-json\/wp\/v2\/posts"}],"about":[{"href":"https:\/\/portalpopmais.com.br\/en\/wp-json\/wp\/v2\/types\/post"}],"author":[{"embeddable":true,"href":"https:\/\/portalpopmais.com.br\/en\/wp-json\/wp\/v2\/users\/38"}],"replies":[{"embeddable":true,"href":"https:\/\/portalpopmais.com.br\/en\/wp-json\/wp\/v2\/comments?post=306729"}],"version-history":[{"count":1,"href":"https:\/\/portalpopmais.com.br\/en\/wp-json\/wp\/v2\/posts\/306729\/revisions"}],"predecessor-version":[{"id":306732,"href":"https:\/\/portalpopmais.com.br\/en\/wp-json\/wp\/v2\/posts\/306729\/revisions\/306732"}],"wp:featuredmedia":[{"embeddable":true,"href":"https:\/\/portalpopmais.com.br\/en\/wp-json\/wp\/v2\/media\/306730"}],"wp:attachment":[{"href":"https:\/\/portalpopmais.com.br\/en\/wp-json\/wp\/v2\/media?parent=306729"}],"wp:term":[{"taxonomy":"category","embeddable":true,"href":"https:\/\/portalpopmais.com.br\/en\/wp-json\/wp\/v2\/categories?post=306729"},{"taxonomy":"post_tag","embeddable":true,"href":"https:\/\/portalpopmais.com.br\/en\/wp-json\/wp\/v2\/tags?post=306729"}],"curies":[{"name":"wp","href":"https:\/\/api.w.org\/{rel}","templated":true}]}}