{"id":306739,"date":"2026-09-04T15:19:05","date_gmt":"2026-09-04T18:19:05","guid":{"rendered":"https:\/\/portalpopmais.com.br\/?p=306739"},"modified":"2026-09-04T15:19:09","modified_gmt":"2026-09-04T18:19:09","slug":"guitarra-george-michael-leilao","status":"publish","type":"post","link":"https:\/\/portalpopmais.com.br\/en\/guitarra-george-michael-leilao\/","title":{"rendered":"Guitarra usada por George Michael deve ser ser leiloada por at\u00e9 R$ 830 mil"},"content":{"rendered":"<p class=\"wp-block-paragraph\">A guitarra utilizada por <strong><a href=\"https:\/\/portalpopmais.com.br\/en\/morre-michael-schumacher-75-anos\/\" data-type=\"post\" data-id=\"282001\">George Michael<\/a><\/strong> no videoclipe do cl\u00e1ssico <strong>&#8220;Faith&#8221;<\/strong>, lan\u00e7ado em 1987, ser\u00e1 colocada \u00e0 venda em um leil\u00e3o em Londres e pode alcan\u00e7ar <strong>\u00a3 120 mil<\/strong>, o equivalente a cerca de <strong>R$ 830 mil<\/strong> na cota\u00e7\u00e3o atual.<\/p>\n\n\n\n<p class=\"wp-block-paragraph\">O instrumento integra uma cole\u00e7\u00e3o de objetos que pertenceram \u00e0 assistente pessoal do cantor, <strong>Siobhan Bailey<\/strong>, que trabalhou ao lado do artista por mais de duas d\u00e9cadas e morreu em 2014.<\/p>\n\n\n<div class=\"wp-block-image\">\n<figure class=\"aligncenter size-large\"><img loading=\"lazy\" decoding=\"async\" width=\"720\" height=\"694\" src=\"https:\/\/portalpopmais.com.br\/wp-content\/uploads\/2026\/09\/image-28-720x694.png\" alt=\"\" class=\"wp-image-306741\" title=\"\" srcset=\"https:\/\/portalpopmais.com.br\/wp-content\/uploads\/2026\/09\/image-28-720x694.png 720w, https:\/\/portalpopmais.com.br\/wp-content\/uploads\/2026\/09\/image-28-12x12.png 12w\" sizes=\"auto, (max-width: 720px) 100vw, 720px\" \/><\/figure>\n<\/div>\n\n\n<h2 class=\"wp-block-heading\">Cole\u00e7\u00e3o re\u00fane itens hist\u00f3ricos da carreira de George Michael<\/h2>\n\n\n\n<p class=\"wp-block-paragraph\">Al\u00e9m da guitarra de &#8220;Faith&#8221;, o leil\u00e3o contar\u00e1 com outros <strong>31 itens<\/strong> relacionados \u00e0 trajet\u00f3ria do cantor brit\u00e2nico.<\/p>\n\n\n\n<p class=\"wp-block-paragraph\">Entre os objetos est\u00e3o discos de ouro e platina, programas oficiais de turn\u00eas, lembran\u00e7as pessoais e uma est\u00e1tua met\u00e1lica de um farol, presente oferecido a George Michael pela prefeitura de M\u00e1laga, na Espanha.<\/p>\n\n\n\n<p class=\"wp-block-paragraph\">A venda est\u00e1 prevista para acontecer em outubro e deve atrair colecionadores e f\u00e3s do artista de diversas partes do mundo.<\/p>\n\n\n\n<center><iframe loading=\"lazy\" width=\"560\" height=\"315\" src=\"https:\/\/www.youtube.com\/embed\/6Cs3Pvmmv0E?si=vZ-Vx1ACgel-vx8P\" title=\"YouTube video player\" frameborder=\"0\" allow=\"accelerometer; autoplay; clipboard-write; encrypted-media; gyroscope; picture-in-picture; web-share\" referrerpolicy=\"strict-origin-when-cross-origin\" allowfullscreen><\/iframe><\/center>\n\n\n\n<h2 class=\"wp-block-heading\">\u00d3culos usados na turn\u00ea &#8220;Faith&#8221; tamb\u00e9m ir\u00e3o a leil\u00e3o<\/h2>\n\n\n\n<p class=\"wp-block-paragraph\">Antes disso, durante o evento <strong>Music Memorabilia Live<\/strong>, em Londres, os famosos \u00f3culos de sol Ray-Ban usados por George Michael na turn\u00ea <strong>Faith<\/strong> tamb\u00e9m ser\u00e3o leiloados.<\/p>\n\n\n\n<p class=\"wp-block-paragraph\">O acess\u00f3rio tem valor estimado entre <strong>\u00a3 15 mil e \u00a3 30 mil<\/strong>, refor\u00e7ando o interesse do mercado por pe\u00e7as ligadas ao cantor.<\/p>\n\n\n\n<h2 class=\"wp-block-heading\">Document\u00e1rio sobre a turn\u00ea estreia em novembro<\/h2>\n\n\n\n<p class=\"wp-block-paragraph\">As homenagens a George Michael continuam no cinema. No dia <strong>5 de novembro<\/strong>, ser\u00e1 lan\u00e7ado mundialmente o document\u00e1rio <strong>&#8220;George Michael: The Faith Tour&#8221;<\/strong>.<\/p>\n\n\n\n<p class=\"wp-block-paragraph\">Dirigido por <strong>Andy Morahan<\/strong>, respons\u00e1vel pelo videoclipe original de &#8220;Faith&#8221;, o filme re\u00fane imagens in\u00e9ditas redescobertas de um show realizado pelo cantor em Paris, em 1988.<\/p>\n\n\n\n<p class=\"wp-block-paragraph\">A estreia acontece pouco mais de um m\u00eas antes do d\u00e9cimo anivers\u00e1rio da morte de George Michael, falecido em dezembro de 2016, e promete revisitar um dos momentos mais marcantes de sua carreira.<\/p>","protected":false},"excerpt":{"rendered":"<p>Instrumento ic\u00f4nico do cantor brit\u00e2nico ser\u00e1 um dos destaques de um leil\u00e3o em Londres, que tamb\u00e9m reunir\u00e1 discos, itens de turn\u00eas e objetos pessoais ligados ao artista.<\/p>","protected":false},"author":1,"featured_media":306740,"comment_status":"closed","ping_status":"closed","sticky":false,"template":"","format":"standard","meta":{"footnotes":""},"categories":[154],"tags":[21930],"class_list":["post-306739","post","type-post","status-publish","format-standard","has-post-thumbnail","hentry","category-musica","tag-george-michael"],"_links":{"self":[{"href":"https:\/\/portalpopmais.com.br\/en\/wp-json\/wp\/v2\/posts\/306739","targetHints":{"allow":["GET"]}}],"collection":[{"href":"https:\/\/portalpopmais.com.br\/en\/wp-json\/wp\/v2\/posts"}],"about":[{"href":"https:\/\/portalpopmais.com.br\/en\/wp-json\/wp\/v2\/types\/post"}],"author":[{"embeddable":true,"href":"https:\/\/portalpopmais.com.br\/en\/wp-json\/wp\/v2\/users\/1"}],"replies":[{"embeddable":true,"href":"https:\/\/portalpopmais.com.br\/en\/wp-json\/wp\/v2\/comments?post=306739"}],"version-history":[{"count":1,"href":"https:\/\/portalpopmais.com.br\/en\/wp-json\/wp\/v2\/posts\/306739\/revisions"}],"predecessor-version":[{"id":306742,"href":"https:\/\/portalpopmais.com.br\/en\/wp-json\/wp\/v2\/posts\/306739\/revisions\/306742"}],"wp:featuredmedia":[{"embeddable":true,"href":"https:\/\/portalpopmais.com.br\/en\/wp-json\/wp\/v2\/media\/306740"}],"wp:attachment":[{"href":"https:\/\/portalpopmais.com.br\/en\/wp-json\/wp\/v2\/media?parent=306739"}],"wp:term":[{"taxonomy":"category","embeddable":true,"href":"https:\/\/portalpopmais.com.br\/en\/wp-json\/wp\/v2\/categories?post=306739"},{"taxonomy":"post_tag","embeddable":true,"href":"https:\/\/portalpopmais.com.br\/en\/wp-json\/wp\/v2\/tags?post=306739"}],"curies":[{"name":"wp","href":"https:\/\/api.w.org\/{rel}","templated":true}]}}