{"id":306783,"date":"2026-09-05T08:36:16","date_gmt":"2026-09-05T11:36:16","guid":{"rendered":"https:\/\/portalpopmais.com.br\/?p=306783"},"modified":"2026-09-05T08:41:11","modified_gmt":"2026-09-05T11:41:11","slug":"horarios-rock-in-rio-2026-sabado-5","status":"publish","type":"post","link":"https:\/\/portalpopmais.com.br\/en\/horarios-rock-in-rio-2026-sabado-5\/","title":{"rendered":"Rock in Rio 2026: confira os hor\u00e1rios e o line-up dos shows deste s\u00e1bado (5)"},"content":{"rendered":"<p class=\"wp-block-paragraph\">O <strong><a href=\"https:\/\/portalpopmais.com.br\/en\/trends\/rock-in-rio-2026\/\" data-type=\"post_tag\" data-id=\"21815\">Rock in Rio 2026<\/a><\/strong> retorna neste s\u00e1bado (5) para o segundo dia de festival com uma programa\u00e7\u00e3o voltada ao rock e ao metal. A principal atra\u00e7\u00e3o da noite ser\u00e1 a banda norte-americana Avenged Sevenfold, que encerra os trabalhos no Palco Mundo.<\/p>\n\n\n\n<p class=\"wp-block-paragraph\">Antes do headliner, o p\u00fablico poder\u00e1 acompanhar apresenta\u00e7\u00f5es do Bring Me The Horizon, do cantor Machine Gun Kelly (MGK) e do Sepultura, um dos maiores nomes do heavy metal brasileiro.<\/p>\n\n\n\n<p class=\"wp-block-paragraph\"><strong>Veja tamb\u00e9m:\u00a0<\/strong><a href=\"https:\/\/portalpopmais.com.br\/en\/rock-in-rio-2026-divulga-horarios-dos-shows-e-detalhes-de-transporte-confira-a-programacao-por-dia\/\">Rock in Rio 2026: veja todos os hor\u00e1rios dos shows<\/a><\/p>\n\n\n<div class=\"wp-block-image\">\n<figure class=\"aligncenter size-full\"><img loading=\"lazy\" decoding=\"async\" width=\"1080\" height=\"608\" src=\"https:\/\/portalpopmais.com.br\/wp-content\/uploads\/2026\/09\/image-30.png\" alt=\"\" class=\"wp-image-306784\" title=\"\" srcset=\"https:\/\/portalpopmais.com.br\/wp-content\/uploads\/2026\/09\/image-30.png 1080w, https:\/\/portalpopmais.com.br\/wp-content\/uploads\/2026\/09\/image-30-18x10.png 18w, https:\/\/portalpopmais.com.br\/wp-content\/uploads\/2026\/09\/image-30-767x432.png 767w, https:\/\/portalpopmais.com.br\/wp-content\/uploads\/2026\/09\/image-30-600x337.png 600w\" sizes=\"auto, (max-width: 1080px) 100vw, 1080px\" \/><figcaption class=\"wp-element-caption\">Banda Sepultura &#8211; Foto: Reprodu\u00e7\u00e3o\/ Instagram<\/figcaption><\/figure>\n<\/div>\n\n\n<p class=\"wp-block-paragraph\">No Palco Sunset, a programa\u00e7\u00e3o re\u00fane o metalcore do Bad Omens, a cantora Poppy, o encontro entre Black Pantera e Nervosa e a abertura com Malvada convidando Day Limns.<\/p>\n\n\n\n<p class=\"wp-block-paragraph\">Al\u00e9m dos palcos principais, o festival ter\u00e1 atra\u00e7\u00f5es espalhadas pela Cidade do Rock. O New Dance Order recebe nomes como James Hype, Volkoder, Camina Jun x Eli Iwasa e Victor Lou. No Espa\u00e7o Favela, sobem ao palco Major RD, Canto Cego e Quantum. J\u00e1 o Palco Supernova ter\u00e1 shows de Supercombo, Lvcas, MC Taya e Zerobadass, enquanto o Global Village re\u00fane Korzus, Noturnall com Russell Allen e Rhegia.<\/p>\n\n\n\n<p class=\"wp-block-paragraph\">O Rock in Rio 2026 acontece nos dias 4, 5, 6, 7, 11, 12 e 13 de setembro e re\u00fane artistas nacionais e internacionais como Elton John, Foo Fighters, Calvin Harris, Black Eyed Peas, Ne-Yo, Maroon 5, Demi Lovato, J Balvin, Twenty One Pilots e Rise Against.<\/p>\n\n\n\n<p class=\"wp-block-paragraph\"><strong>Confira os hor\u00e1rios dos shows deste s\u00e1bado (5):<\/strong><\/p>\n\n\n\n<p class=\"wp-block-paragraph\"><strong>Palco Mundo<\/strong><\/p>\n\n\n\n<ul class=\"wp-block-list\">\n<li>16h40 \u2013 Sepultura<\/li>\n\n\n\n<li>19h00 \u2013 MGK<\/li>\n\n\n\n<li>21h20 \u2013 Bring Me The Horizon<\/li>\n\n\n\n<li>00h05 \u2013 Avenged Sevenfold<\/li>\n<\/ul>\n\n\n\n<p class=\"wp-block-paragraph\"><strong>Palco Sunset<\/strong><\/p>\n\n\n\n<ul class=\"wp-block-list\">\n<li>15h30 \u2013 Malvada convida Day Limns<\/li>\n\n\n\n<li>17h50 \u2013 Black Pantera convida Nervosa<\/li>\n\n\n\n<li>20h10 \u2013 Poppy<\/li>\n\n\n\n<li>22h50 \u2013 Bad Omens<\/li>\n<\/ul>\n\n\n\n<p class=\"wp-block-paragraph\"><strong>New Dance Order<\/strong><\/p>\n\n\n\n<ul class=\"wp-block-list\">\n<li>21h05 \u2013 Victor Lou<\/li>\n\n\n\n<li>22h30 \u2013 Camina Jun x Eli Iwasa<\/li>\n\n\n\n<li>00h00 \u2013 Volkoder<\/li>\n\n\n\n<li>01h30 \u2013 James Hype<\/li>\n<\/ul>\n\n\n\n<p class=\"wp-block-paragraph\"><strong>Espa\u00e7o Favela<\/strong><\/p>\n\n\n\n<ul class=\"wp-block-list\">\n<li>15h00 \u2013 Quantum<\/li>\n\n\n\n<li>16h50 \u2013 Canto Cego<\/li>\n\n\n\n<li>19h10 \u2013 Major RD<\/li>\n<\/ul>\n\n\n\n<p class=\"wp-block-paragraph\"><strong>Palco Supernova<\/strong><\/p>\n\n\n\n<ul class=\"wp-block-list\">\n<li>14h30 \u2013 Zerobadass<\/li>\n\n\n\n<li>16h00 \u2013 MC Taya<\/li>\n\n\n\n<li>18h00 \u2013 Lvcas<\/li>\n\n\n\n<li>20h10 \u2013 Supercombo<\/li>\n<\/ul>\n\n\n\n<p class=\"wp-block-paragraph\"><strong>Palco Global Village<\/strong><\/p>\n\n\n\n<ul class=\"wp-block-list\">\n<li>15h00 \u2013 Rhegia<\/li>\n\n\n\n<li>16h50 \u2013 Noturnall + Russell Allen<\/li>\n\n\n\n<li>19h10 \u2013 Korzus<\/li>\n<\/ul>","protected":false},"excerpt":{"rendered":"<p>Avenged Sevenfold encerra a noite no Palco Mundo. Dia ainda tem Day Limns, Bring Me The Horizon, MGK e Sepultura.<\/p>","protected":false},"author":1,"featured_media":277176,"comment_status":"closed","ping_status":"closed","sticky":false,"template":"","format":"standard","meta":{"footnotes":""},"categories":[154],"tags":[6627,18550,21815],"class_list":["post-306783","post","type-post","status-publish","format-standard","has-post-thumbnail","hentry","category-musica","tag-day-limns","tag-destaque","tag-rock-in-rio-2026"],"_links":{"self":[{"href":"https:\/\/portalpopmais.com.br\/en\/wp-json\/wp\/v2\/posts\/306783","targetHints":{"allow":["GET"]}}],"collection":[{"href":"https:\/\/portalpopmais.com.br\/en\/wp-json\/wp\/v2\/posts"}],"about":[{"href":"https:\/\/portalpopmais.com.br\/en\/wp-json\/wp\/v2\/types\/post"}],"author":[{"embeddable":true,"href":"https:\/\/portalpopmais.com.br\/en\/wp-json\/wp\/v2\/users\/1"}],"replies":[{"embeddable":true,"href":"https:\/\/portalpopmais.com.br\/en\/wp-json\/wp\/v2\/comments?post=306783"}],"version-history":[{"count":2,"href":"https:\/\/portalpopmais.com.br\/en\/wp-json\/wp\/v2\/posts\/306783\/revisions"}],"predecessor-version":[{"id":306786,"href":"https:\/\/portalpopmais.com.br\/en\/wp-json\/wp\/v2\/posts\/306783\/revisions\/306786"}],"wp:featuredmedia":[{"embeddable":true,"href":"https:\/\/portalpopmais.com.br\/en\/wp-json\/wp\/v2\/media\/277176"}],"wp:attachment":[{"href":"https:\/\/portalpopmais.com.br\/en\/wp-json\/wp\/v2\/media?parent=306783"}],"wp:term":[{"taxonomy":"category","embeddable":true,"href":"https:\/\/portalpopmais.com.br\/en\/wp-json\/wp\/v2\/categories?post=306783"},{"taxonomy":"post_tag","embeddable":true,"href":"https:\/\/portalpopmais.com.br\/en\/wp-json\/wp\/v2\/tags?post=306783"}],"curies":[{"name":"wp","href":"https:\/\/api.w.org\/{rel}","templated":true}]}}