{"id":306788,"date":"2026-09-05T08:53:00","date_gmt":"2026-09-05T11:53:00","guid":{"rendered":"https:\/\/portalpopmais.com.br\/?p=306788"},"modified":"2026-09-05T08:53:02","modified_gmt":"2026-09-05T11:53:02","slug":"julio-iglesias-nova-denuncia-agressao-sexual-trabalho-forcado","status":"publish","type":"post","link":"https:\/\/portalpopmais.com.br\/en\/julio-iglesias-nova-denuncia-agressao-sexual-trabalho-forcado\/","title":{"rendered":"Julio Iglesias volta a ser alvo de den\u00fancia por agress\u00e3o sexual e trabalho for\u00e7ado"},"content":{"rendered":"<p class=\"wp-block-paragraph\">O cantor espanhol <strong><a href=\"https:\/\/portalpopmais.com.br\/en\/trends\/julio-iglesias\/\" data-type=\"post_tag\" data-id=\"20289\">Julio Iglesias<\/a><\/strong>, de 82 anos, voltou a ser alvo de uma den\u00fancia na Justi\u00e7a da Espanha. Duas ex-funcion\u00e1rias apresentaram uma nova a\u00e7\u00e3o judicial na qual o acusam de ass\u00e9dio sexual, agress\u00f5es sexuais e de submet\u00ea-las a condi\u00e7\u00f5es de trabalho for\u00e7ado e degradantes.<\/p>\n\n\n\n<p class=\"wp-block-paragraph\">A nova den\u00fancia foi protocolada na quinta-feira (3) e anunciada nesta sexta-feira (4) pela ONG Women&#8217;s Link Worldwide, respons\u00e1vel pela representa\u00e7\u00e3o das duas mulheres. Segundo a entidade, a a\u00e7\u00e3o busca reabrir a discuss\u00e3o sobre o caso, que j\u00e1 havia sido levado \u00e0 Justi\u00e7a espanhola no in\u00edcio do ano.<\/p>\n\n\n\n<ul class=\"wp-block-list\">\n<li><strong>Leia tamb\u00e9m:<\/strong> <a href=\"https:\/\/portalpopmais.com.br\/en\/foto-inedita-julio-iglesias-infidelidade\/\">Julio Iglesias aparece com jovem desconhecida em foto in\u00e9dita<\/a><\/li>\n<\/ul>\n\n\n<div class=\"wp-block-image\">\n<figure class=\"aligncenter size-large\"><img loading=\"lazy\" decoding=\"async\" width=\"774\" height=\"694\" src=\"https:\/\/portalpopmais.com.br\/wp-content\/uploads\/2026\/09\/image-31-774x694.png\" alt=\"\" class=\"wp-image-306789\" title=\"\" srcset=\"https:\/\/portalpopmais.com.br\/wp-content\/uploads\/2026\/09\/image-31-774x694.png 774w, https:\/\/portalpopmais.com.br\/wp-content\/uploads\/2026\/09\/image-31-12x12.png 12w\" sizes=\"auto, (max-width: 774px) 100vw, 774px\" \/><figcaption class=\"wp-element-caption\">Julio Iglesias &#8211; Foto: Reprodu\u00e7\u00e3o\/ Instagram<\/figcaption><\/figure>\n<\/div>\n\n\n<p class=\"wp-block-paragraph\">Em janeiro, a den\u00fancia foi arquivada sob o entendimento de que os tribunais espanh\u00f3is n\u00e3o tinham compet\u00eancia para julgar os fatos, j\u00e1 que os supostos crimes teriam ocorrido nas Bahamas e na Rep\u00fablica Dominicana, onde as denunciantes afirmam ter trabalhado para Iglesias em 2021.<\/p>\n\n\n\n<p class=\"wp-block-paragraph\">Agora, a organiza\u00e7\u00e3o argumenta que a legisla\u00e7\u00e3o espanhola permite a investiga\u00e7\u00e3o de determinados crimes cometidos no exterior quando h\u00e1 v\u00ednculos relevantes com a Espanha. De acordo com a ONG, a norma pode ser aplicada quando um cidad\u00e3o espanhol \u00e9 acusado de um ato que tamb\u00e9m seja considerado crime no pa\u00eds onde teria ocorrido.<\/p>\n\n\n\n<p class=\"wp-block-paragraph\">As denunciantes afirmam ter sido v\u00edtimas de epis\u00f3dios cont\u00ednuos de ass\u00e9dio e agress\u00f5es sexuais, al\u00e9m de enfrentarem condi\u00e7\u00f5es de trabalho consideradas degradantes e an\u00e1logas ao trabalho for\u00e7ado.<\/p>\n\n\n\n<p class=\"wp-block-paragraph\">A diretora-executiva da Women&#8217;s Link Worldwide, Jovana R\u00edos Cisnero, afirmou que o Estado espanhol tem o dever de assegurar o acesso \u00e0 Justi\u00e7a em igualdade de condi\u00e7\u00f5es, independentemente da identidade ou da notoriedade da pessoa denunciada.<\/p>\n\n\n\n<p class=\"wp-block-paragraph\">Na ocasi\u00e3o do arquivamento, a Procuradoria da Audi\u00eancia Nacional da Espanha destacou que a decis\u00e3o n\u00e3o impedia que as mulheres buscassem outras vias judiciais para dar continuidade ao processo.<\/p>\n\n\n\n<p class=\"wp-block-paragraph\"><strong>Defesa nega acusa\u00e7\u00f5es<\/strong><\/p>\n\n\n\n<p class=\"wp-block-paragraph\">Julio Iglesias nega todas as acusa\u00e7\u00f5es. <a href=\"https:\/\/portalpopmais.com.br\/en\/julio-iglesias-acusado-assedio-sexual\/\">Em manifesta\u00e7\u00f5es anteriores<\/a>, o artista classificou as den\u00fancias como &#8220;absolutamente falsas&#8221; e afirmou que jamais abusou, coagiu ou desrespeitou qualquer mulher.<\/p>\n\n\n\n<p class=\"wp-block-paragraph\"><strong>Carreira internacional<\/strong><\/p>\n\n\n\n<p class=\"wp-block-paragraph\">Nascido em 1943, Julio Iglesias \u00e9 um dos artistas latinos de maior sucesso da hist\u00f3ria da m\u00fasica. Com uma carreira consolidada desde a d\u00e9cada de 1970, o cantor vendeu mais de 300 milh\u00f5es de discos em todo o mundo e emplacou sucessos como <em>Soy un truh\u00e1n, soy un se\u00f1or<\/em>, <em>Gwendolyne<\/em> e <em>Me olvid\u00e9 de vivir<\/em>.<\/p>","protected":false},"excerpt":{"rendered":"<p>Duas ex-funcion\u00e1rias voltaram \u00e0 Justi\u00e7a espanhola acusando o cantor de ass\u00e9dio, agress\u00e3o sexual e trabalho for\u00e7ado. Artista nega todas as acusa\u00e7\u00f5es.<\/p>","protected":false},"author":1,"featured_media":283084,"comment_status":"closed","ping_status":"closed","sticky":false,"template":"","format":"standard","meta":{"footnotes":""},"categories":[173],"tags":[20289],"class_list":["post-306788","post","type-post","status-publish","format-standard","has-post-thumbnail","hentry","category-celebridades","tag-julio-iglesias"],"_links":{"self":[{"href":"https:\/\/portalpopmais.com.br\/en\/wp-json\/wp\/v2\/posts\/306788","targetHints":{"allow":["GET"]}}],"collection":[{"href":"https:\/\/portalpopmais.com.br\/en\/wp-json\/wp\/v2\/posts"}],"about":[{"href":"https:\/\/portalpopmais.com.br\/en\/wp-json\/wp\/v2\/types\/post"}],"author":[{"embeddable":true,"href":"https:\/\/portalpopmais.com.br\/en\/wp-json\/wp\/v2\/users\/1"}],"replies":[{"embeddable":true,"href":"https:\/\/portalpopmais.com.br\/en\/wp-json\/wp\/v2\/comments?post=306788"}],"version-history":[{"count":1,"href":"https:\/\/portalpopmais.com.br\/en\/wp-json\/wp\/v2\/posts\/306788\/revisions"}],"predecessor-version":[{"id":306790,"href":"https:\/\/portalpopmais.com.br\/en\/wp-json\/wp\/v2\/posts\/306788\/revisions\/306790"}],"wp:featuredmedia":[{"embeddable":true,"href":"https:\/\/portalpopmais.com.br\/en\/wp-json\/wp\/v2\/media\/283084"}],"wp:attachment":[{"href":"https:\/\/portalpopmais.com.br\/en\/wp-json\/wp\/v2\/media?parent=306788"}],"wp:term":[{"taxonomy":"category","embeddable":true,"href":"https:\/\/portalpopmais.com.br\/en\/wp-json\/wp\/v2\/categories?post=306788"},{"taxonomy":"post_tag","embeddable":true,"href":"https:\/\/portalpopmais.com.br\/en\/wp-json\/wp\/v2\/tags?post=306788"}],"curies":[{"name":"wp","href":"https:\/\/api.w.org\/{rel}","templated":true}]}}