{"id":306821,"date":"2026-09-06T03:47:08","date_gmt":"2026-09-06T06:47:08","guid":{"rendered":"https:\/\/portalpopmais.com.br\/?p=306821"},"modified":"2026-09-06T03:48:59","modified_gmt":"2026-09-06T06:48:59","slug":"resumao-segundo-dia-rock-in-rio-2026","status":"publish","type":"post","link":"https:\/\/portalpopmais.com.br\/en\/resumao-segundo-dia-rock-in-rio-2026\/","title":{"rendered":"Resum\u00e3o do 2\u00ba dia de Rock in Rio 2026"},"content":{"rendered":"<p class=\"wp-block-paragraph\">O segundo dia do <strong><a href=\"https:\/\/portalpopmais.com.br\/en\/trends\/rock-in-rio-2026\/\" data-type=\"post_tag\" data-id=\"21815\">Rock in Rio 2026<\/a><\/strong> foi dominado pelo metal e reuniu grandes nomes do g\u00eanero nos palcos da Cidade do Rock. Com apresenta\u00e7\u00f5es de Avenged Sevenfold, Bring Me The Horizon, Bad Omens, Sepultura, Poppy, Black Pantera, MGK e Malvada, o festival entregou uma programa\u00e7\u00e3o intensa marcada por momentos de celebra\u00e7\u00e3o, manifesta\u00e7\u00f5es pol\u00edticas e intera\u00e7\u00e3o com o p\u00fablico.<\/p>\n\n\n\n<figure class=\"wp-block-embed is-type-rich is-provider-x wp-block-embed-x\"><div class=\"wp-block-embed__wrapper\">\n<blockquote class=\"twitter-tweet\" data-width=\"550\" data-dnt=\"true\"><p lang=\"en\" dir=\"ltr\">Show do Bring Me The Horizon no Rock in Rio 2026!<a href=\"https:\/\/t.co\/sEHIPpyTHM\">pic.twitter.com\/sEHIPpyTHM<\/a><\/p>&mdash; Jos\u00e9 Norberto Flesch (@jnflesch) <a href=\"https:\/\/x.com\/jnflesch\/status\/2096419339591098484?ref_src=twsrc%5Etfw\">September 6, 2026<\/a><\/blockquote><script async src=\"https:\/\/platform.x.com\/widgets.js\" charset=\"utf-8\"><\/script>\n<\/div><\/figure>\n\n\n\n<p class=\"wp-block-paragraph\">Apesar da expectativa em torno do Avenged Sevenfold, principal atra\u00e7\u00e3o da noite no Palco Mundo, a banda norte-americana fez um show considerado abaixo das expectativas. O grupo subiu ao palco com cerca de 30 minutos de atraso, sem explicar o motivo, e encontrou um p\u00fablico menos efusivo do que em sua apresenta\u00e7\u00e3o anterior no festival. Durante o show, o vocalista M. Shadows chegou a comentar o comportamento da plateia: &#8220;Voc\u00eas est\u00e3o t\u00e3o educados hoje. \u00c9 a chuva?&#8221;.<\/p>\n\n\n\n<figure class=\"wp-block-embed is-type-rich is-provider-x wp-block-embed-x\"><div class=\"wp-block-embed__wrapper\">\n<blockquote class=\"twitter-tweet\" data-width=\"550\" data-dnt=\"true\"><p lang=\"pt\" dir=\"ltr\">Avenged Sevenfold colocando a energia l\u00e1 no alto ao abrir o show com \u201cNightmare\u201d \ud83e\udd18 <a href=\"https:\/\/x.com\/hashtag\/RockinRio?src=hash&amp;ref_src=twsrc%5Etfw\">#RockinRio<\/a> <a href=\"https:\/\/x.com\/hashtag\/TrackinRio?src=hash&amp;ref_src=twsrc%5Etfw\">#TrackinRio<\/a>  <a href=\"https:\/\/t.co\/YJ10brZflg\">pic.twitter.com\/YJ10brZflg<\/a><\/p>&mdash; Tracklist (@tracklist) <a href=\"https:\/\/x.com\/tracklist\/status\/2096445175128047688?ref_src=twsrc%5Etfw\">September 6, 2026<\/a><\/blockquote><script async src=\"https:\/\/platform.x.com\/widgets.js\" charset=\"utf-8\"><\/script>\n<\/div><\/figure>\n\n\n\n<p class=\"wp-block-paragraph\">Enquanto isso, quem conquistou os f\u00e3s foi o Bad Omens. Em sua estreia no Rock in Rio, a banda apresentou a turn\u00ea <em>Do You Feel Love<\/em> e mostrou por que se tornou um dos principais nomes da nova gera\u00e7\u00e3o do metalcore. O ponto alto ficou por conta de &#8220;Just Pretend&#8221;, sucesso impulsionado pelas redes sociais, que levou milhares de pessoas a cantar em coro.<\/p>\n\n\n\n<figure class=\"wp-block-embed is-type-rich is-provider-x wp-block-embed-x\"><div class=\"wp-block-embed__wrapper\">\n<blockquote class=\"twitter-tweet\" data-width=\"550\" data-dnt=\"true\"><p lang=\"en\" dir=\"ltr\">bad omens AMASSANDO no palco sunset com dethrone<a href=\"https:\/\/x.com\/hashtag\/BadOmensNoMultishow?src=hash&amp;ref_src=twsrc%5Etfw\">#BadOmensNoMultishow<\/a> <a href=\"https:\/\/x.com\/hashtag\/RockinRioNoMultishow?src=hash&amp;ref_src=twsrc%5Etfw\">#RockinRioNoMultishow<\/a> <a href=\"https:\/\/t.co\/QMHSaZr1mU\">pic.twitter.com\/QMHSaZr1mU<\/a><\/p>&mdash; Multishow (@multishow) <a href=\"https:\/\/x.com\/multishow\/status\/2096430848195113435?ref_src=twsrc%5Etfw\">September 6, 2026<\/a><\/blockquote><script async src=\"https:\/\/platform.x.com\/widgets.js\" charset=\"utf-8\"><\/script>\n<\/div><\/figure>\n\n\n\n<p class=\"wp-block-paragraph\">Outro destaque da noite foi o aguardado Bring Me The Horizon. Depois de mais de duas d\u00e9cadas de carreira, a banda brit\u00e2nica finalmente estreou no Rock in Rio com um espet\u00e1culo inspirado em videogames, repleto de efeitos visuais e cenografia. O vocalista Oli Sykes chamou um f\u00e3 ao palco para cantar ao lado da banda, protagonizando um dos momentos mais emocionantes do festival. Em meio \u00e0 apresenta\u00e7\u00e3o, ainda arrancou risadas ao confundir o Rio de Janeiro com S\u00e3o Paulo.<\/p>\n\n\n\n<p class=\"wp-block-paragraph\">No Palco Sunset, a cantora Poppy surpreendeu o p\u00fablico ao alternar momentos delicados e vocais agressivos, refor\u00e7ando sua identidade que mistura pop e metal. A artista apostou em uma performance marcada por contrastes, figurinos chamativos e forte presen\u00e7a de palco.<\/p>\n\n\n\n<figure class=\"wp-block-embed is-type-rich is-provider-x wp-block-embed-x\"><div class=\"wp-block-embed__wrapper\">\n<blockquote class=\"twitter-tweet\" data-width=\"550\" data-dnt=\"true\"><p lang=\"pt\" dir=\"ltr\">a poppy indo do vocal mel\u00f3dico ao gutural em segundos!!!<a href=\"https:\/\/x.com\/hashtag\/PoppyNoMultishow?src=hash&amp;ref_src=twsrc%5Etfw\">#PoppyNoMultishow<\/a> <a href=\"https:\/\/x.com\/hashtag\/RockinRioNoMultishow?src=hash&amp;ref_src=twsrc%5Etfw\">#RockinRioNoMultishow<\/a> <a href=\"https:\/\/t.co\/AuZNPg0HtQ\">pic.twitter.com\/AuZNPg0HtQ<\/a><\/p>&mdash; Multishow (@multishow) <a href=\"https:\/\/x.com\/multishow\/status\/2096377859002581434?ref_src=twsrc%5Etfw\">September 5, 2026<\/a><\/blockquote><script async src=\"https:\/\/platform.x.com\/widgets.js\" charset=\"utf-8\"><\/script>\n<\/div><\/figure>\n\n\n\n<p class=\"wp-block-paragraph\">Quem tamb\u00e9m dividiu opini\u00f5es foi MGK. O cantor norte-americano enfrentou resist\u00eancia de parte da plateia, formada majoritariamente por f\u00e3s de bandas de metal. Durante o show, precisou interromper a apresenta\u00e7\u00e3o para pedir respeito ao p\u00fablico e afirmou estar realizando um sonho ao se apresentar no Brasil.<\/p>\n\n\n\n<figure class=\"wp-block-embed is-type-rich is-provider-x wp-block-embed-x\"><div class=\"wp-block-embed__wrapper\">\n<blockquote class=\"twitter-tweet\" data-width=\"550\" data-dnt=\"true\"><p lang=\"pt\" dir=\"ltr\">o mgk mandando um &quot;mesmo se voc\u00eas n\u00e3o me amarem, eu amo voc\u00eas&quot; \ud83d\udde3\ufe0f<a href=\"https:\/\/x.com\/hashtag\/mgkNoMultishow?src=hash&amp;ref_src=twsrc%5Etfw\">#mgkNoMultishow<\/a> <a href=\"https:\/\/x.com\/hashtag\/RockinRioNoMultishow?src=hash&amp;ref_src=twsrc%5Etfw\">#RockinRioNoMultishow<\/a> <a href=\"https:\/\/t.co\/Z0zLJQNet9\">pic.twitter.com\/Z0zLJQNet9<\/a><\/p>&mdash; Multishow (@multishow) <a href=\"https:\/\/x.com\/multishow\/status\/2096360941117976801?ref_src=twsrc%5Etfw\">September 5, 2026<\/a><\/blockquote><script async src=\"https:\/\/platform.x.com\/widgets.js\" charset=\"utf-8\"><\/script>\n<\/div><\/figure>\n\n\n\n<p class=\"wp-block-paragraph\">Al\u00e9m da m\u00fasica, o segundo dia do festival tamb\u00e9m foi marcado por manifesta\u00e7\u00f5es sociais. Durante a apresenta\u00e7\u00e3o do Black Pantera, o vocalista Charles Gama fez cr\u00edticas ao racismo e defendeu o fim da escala de trabalho 6&#215;1. A banda ainda recebeu a participa\u00e7\u00e3o especial da guitarrista e vocalista Prika Amaral, da Nervosa, refor\u00e7ando a pot\u00eancia do encontro entre dois dos principais nomes do metal brasileiro.<\/p>\n\n\n\n<figure class=\"wp-block-embed is-type-rich is-provider-x wp-block-embed-x\"><div class=\"wp-block-embed__wrapper\">\n<blockquote class=\"twitter-tweet\" data-width=\"550\" data-dnt=\"true\"><p lang=\"pt\" dir=\"ltr\">Black Pantera no Palco Sunset, LOTADO, e com suas m\u00e3es cantando a m\u00fasica \u201cTradu\u00e7\u00e3o\u201d junto ao p\u00fablico e \u00e0 banda \u00e9 de emocionar demais \ud83e\udd79\u2764\ufe0f<br><br>\ud83d\udcf9: Multishow \/ Reprodu\u00e7\u00e3o  <a href=\"https:\/\/t.co\/zdXVr1TD1A\">pic.twitter.com\/zdXVr1TD1A<\/a><\/p>&mdash; downstage (@downstagebra) <a href=\"https:\/\/x.com\/downstagebra\/status\/2096346975247515721?ref_src=twsrc%5Etfw\">September 5, 2026<\/a><\/blockquote><script async src=\"https:\/\/platform.x.com\/widgets.js\" charset=\"utf-8\"><\/script>\n<\/div><\/figure>\n\n\n\n<p class=\"wp-block-paragraph\">O Sepultura viveu mais um cap\u00edtulo de sua turn\u00ea de despedida. Em sua pen\u00faltima apresenta\u00e7\u00e3o no Brasil e \u00faltima no Rock in Rio, a banda apostou em um repert\u00f3rio focado na fase comandada por Derrick Green, deixando de lado os cl\u00e1ssicos da era Max Cavalera. O show foi tratado como uma apresenta\u00e7\u00e3o exclusiva dentro da reta final da carreira do grupo.<\/p>\n\n\n\n<figure class=\"wp-block-embed is-type-rich is-provider-x wp-block-embed-x\"><div class=\"wp-block-embed__wrapper\">\n<blockquote class=\"twitter-tweet\" data-width=\"550\" data-dnt=\"true\"><p lang=\"pt\" dir=\"ltr\">Palco Mundo completamente lotado para o show do Sepultura!!!\ud83e\udd18<a href=\"https:\/\/t.co\/HFgUCdye8I\">pic.twitter.com\/HFgUCdye8I<\/a><\/p>&mdash; Igor Rogh (@igorogh) <a href=\"https:\/\/x.com\/igorogh\/status\/2096325939386793987?ref_src=twsrc%5Etfw\">September 5, 2026<\/a><\/blockquote><script async src=\"https:\/\/platform.x.com\/widgets.js\" charset=\"utf-8\"><\/script>\n<\/div><\/figure>\n\n\n\n<p class=\"wp-block-paragraph\">A abertura do Palco Sunset ficou por conta da banda Malvada, que voltou ao festival ap\u00f3s participar da edi\u00e7\u00e3o de 2022. O grupo recebeu a cantora Day Limns para uma participa\u00e7\u00e3o especial, unindo diferentes gera\u00e7\u00f5es do rock nacional em uma apresenta\u00e7\u00e3o marcada pela for\u00e7a feminina.<\/p>\n\n\n\n<figure class=\"wp-block-embed is-type-rich is-provider-x wp-block-embed-x\"><div class=\"wp-block-embed__wrapper\">\n<blockquote class=\"twitter-tweet\" data-width=\"550\" data-dnt=\"true\"><p lang=\"pt\" dir=\"ltr\">Malvada e Day Limns cantam \u201cOvelha Negra\u201d em uma homenagem \u00e0 Rita Lee nesta tarde de Rock in Rio \u2764\ufe0f<br><br>\ud83d\udcf9: <a href=\"https:\/\/x.com\/tadeu_goulart?ref_src=twsrc%5Etfw\">@tadeu_goulart<\/a> para o Downstage <a href=\"https:\/\/t.co\/8bWMQQeqW3\">pic.twitter.com\/8bWMQQeqW3<\/a><\/p>&mdash; downstage (@downstagebra) <a href=\"https:\/\/x.com\/downstagebra\/status\/2096318691289796645?ref_src=twsrc%5Etfw\">September 5, 2026<\/a><\/blockquote><script async src=\"https:\/\/platform.x.com\/widgets.js\" charset=\"utf-8\"><\/script>\n<\/div><\/figure>\n\n\n\n<p class=\"wp-block-paragraph\">Mesmo com a chuva que caiu durante boa parte da programa\u00e7\u00e3o, o p\u00fablico acompanhou os shows at\u00e9 o fim. Cerca de 100 mil ingressos foram disponibilizados para o segundo dia do festival, mas, diferentemente de outras datas, as entradas n\u00e3o se esgotaram.<\/p>\n\n\n\n<p class=\"wp-block-paragraph\">A partir deste domingo (6), o Rock in Rio muda de perfil e passa a receber atra\u00e7\u00f5es voltadas ao pop, com nomes como Calvin Harris, Ne-Yo e Black Eyed Peas liderando a programa\u00e7\u00e3o.<\/p>","protected":false},"excerpt":{"rendered":"<p>S\u00e1bado (5) teve Avenged Sevenfold abaixo das expectativas, protestos e f\u00e3 cantando com Bring Me The Horizon.<\/p>","protected":false},"author":38,"featured_media":306822,"comment_status":"closed","ping_status":"closed","sticky":false,"template":"","format":"standard","meta":{"footnotes":""},"categories":[154],"tags":[17516,989,18550,21815],"class_list":["post-306821","post","type-post","status-publish","format-standard","has-post-thumbnail","hentry","category-musica","tag-avenged-sevenfold","tag-bring-me-the-horizon","tag-destaque","tag-rock-in-rio-2026"],"_links":{"self":[{"href":"https:\/\/portalpopmais.com.br\/en\/wp-json\/wp\/v2\/posts\/306821","targetHints":{"allow":["GET"]}}],"collection":[{"href":"https:\/\/portalpopmais.com.br\/en\/wp-json\/wp\/v2\/posts"}],"about":[{"href":"https:\/\/portalpopmais.com.br\/en\/wp-json\/wp\/v2\/types\/post"}],"author":[{"embeddable":true,"href":"https:\/\/portalpopmais.com.br\/en\/wp-json\/wp\/v2\/users\/38"}],"replies":[{"embeddable":true,"href":"https:\/\/portalpopmais.com.br\/en\/wp-json\/wp\/v2\/comments?post=306821"}],"version-history":[{"count":0,"href":"https:\/\/portalpopmais.com.br\/en\/wp-json\/wp\/v2\/posts\/306821\/revisions"}],"wp:featuredmedia":[{"embeddable":true,"href":"https:\/\/portalpopmais.com.br\/en\/wp-json\/wp\/v2\/media\/306822"}],"wp:attachment":[{"href":"https:\/\/portalpopmais.com.br\/en\/wp-json\/wp\/v2\/media?parent=306821"}],"wp:term":[{"taxonomy":"category","embeddable":true,"href":"https:\/\/portalpopmais.com.br\/en\/wp-json\/wp\/v2\/categories?post=306821"},{"taxonomy":"post_tag","embeddable":true,"href":"https:\/\/portalpopmais.com.br\/en\/wp-json\/wp\/v2\/tags?post=306821"}],"curies":[{"name":"wp","href":"https:\/\/api.w.org\/{rel}","templated":true}]}}