{"id":306827,"date":"2026-09-06T03:53:32","date_gmt":"2026-09-06T06:53:32","guid":{"rendered":"https:\/\/portalpopmais.com.br\/?p=306827"},"modified":"2026-09-06T03:53:34","modified_gmt":"2026-09-06T06:53:34","slug":"rock-in-rio-2026-confira-os-horarios-e-o-line-up-dos-shows-deste-domingo-6","status":"publish","type":"post","link":"https:\/\/portalpopmais.com.br\/en\/rock-in-rio-2026-confira-os-horarios-e-o-line-up-dos-shows-deste-domingo-6\/","title":{"rendered":"Rock in Rio 2026: confira os hor\u00e1rios e o line-up dos shows deste domingo (6)"},"content":{"rendered":"<p class=\"wp-block-paragraph\">O terceiro dia do <strong><a href=\"https:\/\/portalpopmais.com.br\/en\/trends\/rock-in-rio-2026\/\" data-type=\"post_tag\" data-id=\"21815\">Rock in Rio 2026<\/a><\/strong> acontece neste domingo (6) e re\u00fane atra\u00e7\u00f5es que passeiam pelo pop, R&amp;B, m\u00fasica eletr\u00f4nica, rap e rock nacional. Ap\u00f3s a abertura do festival na sexta-feira (4), a Cidade do Rock volta a receber grandes nomes da m\u00fasica brasileira e internacional.<\/p>\n\n\n\n<p class=\"wp-block-paragraph\">O principal palco do evento ser\u00e1 comandado pelo DJ escoc\u00eas <strong>Calvin Harris<\/strong>, que encerra a noite no Palco Mundo. Antes dele, o p\u00fablico acompanha os shows do <strong>Black Eyed Peas<\/strong>, do rapper <strong>Nelly<\/strong> e do <strong>Bar\u00e3o Vermelho<\/strong>, que sobe ao palco com sua forma\u00e7\u00e3o original e recebe o guitarrista Fernando Magalh\u00e3es como convidado.<\/p>\n\n\n\n<ul class=\"wp-block-list\">\n<li><strong>Veja tamb\u00e9m:\u00a0<\/strong><a href=\"https:\/\/portalpopmais.com.br\/en\/rock-in-rio-2026-divulga-horarios-dos-shows-e-detalhes-de-transporte-confira-a-programacao-por-dia\/\">Rock in Rio 2026: veja todos os hor\u00e1rios dos shows<\/a><\/li>\n<\/ul>\n\n\n<div class=\"wp-block-image\">\n<figure class=\"aligncenter size-large\"><img loading=\"lazy\" decoding=\"async\" width=\"1170\" height=\"694\" src=\"https:\/\/portalpopmais.com.br\/wp-content\/uploads\/2025\/09\/Calvin-Harris-1170x694.png\" alt=\"\" class=\"wp-image-263428\" title=\"\" srcset=\"https:\/\/portalpopmais.com.br\/wp-content\/uploads\/2025\/09\/Calvin-Harris-1170x694.png 1170w, https:\/\/portalpopmais.com.br\/wp-content\/uploads\/2025\/09\/Calvin-Harris-768x456.png 768w, https:\/\/portalpopmais.com.br\/wp-content\/uploads\/2025\/09\/Calvin-Harris-18x10.png 18w\" sizes=\"auto, (max-width: 1170px) 100vw, 1170px\" \/><figcaption class=\"wp-element-caption\">Calvin Harris &#8211; Foto: Instagram<\/figcaption><\/figure>\n<\/div>\n\n\n<p class=\"wp-block-paragraph\">No Palco Sunset, o destaque \u00e9 o cantor norte-americano <strong>Ne-Yo<\/strong>, al\u00e9m da homenagem do <strong>Jota Quest<\/strong> \u00e0 obra de Tim Maia. O espa\u00e7o tamb\u00e9m recebe apresenta\u00e7\u00f5es do <strong>BaianaSystem<\/strong> e da dupla <strong>Calema<\/strong>.<\/p>\n\n\n\n<p class=\"wp-block-paragraph\">Os f\u00e3s de m\u00fasica eletr\u00f4nica t\u00eam encontro marcado no palco <strong>New Dance Order<\/strong>, que recebe nomes como <strong>Sofi Tukker<\/strong>, <strong>Liu<\/strong>, <strong>Meduza<\/strong> e o projeto <strong>Casa Bonita | Brisotti &amp; Viot<\/strong>.<\/p>\n\n\n\n<p class=\"wp-block-paragraph\">J\u00e1 o <strong>Espa\u00e7o Favela<\/strong> re\u00fane artistas da cena urbana, com shows de <strong>Xam\u00e3<\/strong>, <strong>Rael<\/strong> e <strong>Budah<\/strong>. No <strong>Global Village<\/strong>, as atra\u00e7\u00f5es incluem <strong>Mohamed Ramadan<\/strong>, <strong>M\u00e3eana<\/strong> e <strong>Bento Gil<\/strong>, que recebe <strong>Flor Gil<\/strong>.<\/p>\n\n\n\n<p class=\"wp-block-paragraph\">O palco <strong>Supernova<\/strong> fecha a programa\u00e7\u00e3o com uma mistura de punk, hardcore e rock pesado. Entre os destaques est\u00e3o <strong>Jo\u00e3o Gordo &amp; Asteroides Trio<\/strong>, com o espet\u00e1culo &#8220;Blitzkrieg Psycho Bop Ramones 50&#8221;, al\u00e9m de <strong>Matanza Ritual<\/strong>, <strong>Bayside Kings<\/strong> e <strong>O Escrit\u00f3rio<\/strong>.<\/p>\n\n\n\n<h3 class=\"wp-block-heading\">Programa\u00e7\u00e3o de domingo (6)<\/h3>\n\n\n\n<p class=\"wp-block-paragraph\"><strong>Palco Mundo<\/strong><\/p>\n\n\n\n<ul class=\"wp-block-list\">\n<li>Bar\u00e3o Vermelho \u2013 Encontro Forma\u00e7\u00e3o Original convida Fernando Magalh\u00e3es \u2013 16h40<\/li>\n\n\n\n<li>Nelly \u2013 19h30<\/li>\n\n\n\n<li>Black Eyed Peas \u2013 21h20<\/li>\n\n\n\n<li>Calvin Harris \u2013 0h05<\/li>\n<\/ul>\n\n\n\n<p class=\"wp-block-paragraph\"><strong>Palco Sunset<\/strong><\/p>\n\n\n\n<ul class=\"wp-block-list\">\n<li>Calema \u2013 15h30<\/li>\n\n\n\n<li>BaianaSystem \u2013 17h50<\/li>\n\n\n\n<li>Jota Quest toca Tim Maia \u2013 20h10<\/li>\n\n\n\n<li>Ne-Yo \u2013 22h45<\/li>\n<\/ul>\n\n\n\n<p class=\"wp-block-paragraph\"><strong>New Dance Order<\/strong><\/p>\n\n\n\n<ul class=\"wp-block-list\">\n<li>Liu \u2013 21h05<\/li>\n\n\n\n<li>Sofi Tukker \u2013 22h30<\/li>\n\n\n\n<li>Casa Bonita | Brisotti &amp; Viot \u2013 0h<\/li>\n\n\n\n<li>Meduza \u2013 1h40<\/li>\n<\/ul>\n\n\n\n<p class=\"wp-block-paragraph\"><strong>Espa\u00e7o Favela<\/strong><\/p>\n\n\n\n<ul class=\"wp-block-list\">\n<li>Budah \u2013 15h<\/li>\n\n\n\n<li>Rael \u2013 16h50<\/li>\n\n\n\n<li>Xam\u00e3 \u2013 19h10<\/li>\n<\/ul>\n\n\n\n<p class=\"wp-block-paragraph\"><strong>Global Village<\/strong><\/p>\n\n\n\n<ul class=\"wp-block-list\">\n<li>Bento Gil convida Flor Gil \u2013 15h<\/li>\n\n\n\n<li>M\u00e3eana \u2013 16h50<\/li>\n\n\n\n<li>Mohamed Ramadan \u2013 19h10<\/li>\n<\/ul>\n\n\n\n<p class=\"wp-block-paragraph\"><strong>Supernova<\/strong><\/p>\n\n\n\n<ul class=\"wp-block-list\">\n<li>O Escrit\u00f3rio \u2013 14h30<\/li>\n\n\n\n<li>Bayside Kings \u2013 16h<\/li>\n\n\n\n<li>Matanza Ritual \u2013 18h<\/li>\n\n\n\n<li>Jo\u00e3o Gordo &amp; Asteroides Trio em &#8220;Blitzkrieg Psycho Bop Ramones 50&#8221; \u2013 20h10<\/li>\n<\/ul>\n\n\n\n<p class=\"wp-block-paragraph\">O Rock in Rio 2026 segue ap\u00f3s este domingo com mais quatro dias de programa\u00e7\u00e3o: 7, 11, 12 e 13 de setembro, na Cidade do Rock, no Rio de Janeiro.<\/p>","protected":false},"excerpt":{"rendered":"<p>Calvin Harris, Black Eyed Peas, Ne-Yo, Nelly, Bar\u00e3o Vermelho e Xam\u00e3 est\u00e3o entre os destaques da programa\u00e7\u00e3o deste domingo (6).<\/p>","protected":false},"author":1,"featured_media":306828,"comment_status":"closed","ping_status":"closed","sticky":false,"template":"","format":"standard","meta":{"footnotes":""},"categories":[154],"tags":[581,18550,434],"class_list":["post-306827","post","type-post","status-publish","format-standard","has-post-thumbnail","hentry","category-musica","tag-black-eyed-peas","tag-destaque","tag-rock-in-rio"],"_links":{"self":[{"href":"https:\/\/portalpopmais.com.br\/en\/wp-json\/wp\/v2\/posts\/306827","targetHints":{"allow":["GET"]}}],"collection":[{"href":"https:\/\/portalpopmais.com.br\/en\/wp-json\/wp\/v2\/posts"}],"about":[{"href":"https:\/\/portalpopmais.com.br\/en\/wp-json\/wp\/v2\/types\/post"}],"author":[{"embeddable":true,"href":"https:\/\/portalpopmais.com.br\/en\/wp-json\/wp\/v2\/users\/1"}],"replies":[{"embeddable":true,"href":"https:\/\/portalpopmais.com.br\/en\/wp-json\/wp\/v2\/comments?post=306827"}],"version-history":[{"count":0,"href":"https:\/\/portalpopmais.com.br\/en\/wp-json\/wp\/v2\/posts\/306827\/revisions"}],"wp:featuredmedia":[{"embeddable":true,"href":"https:\/\/portalpopmais.com.br\/en\/wp-json\/wp\/v2\/media\/306828"}],"wp:attachment":[{"href":"https:\/\/portalpopmais.com.br\/en\/wp-json\/wp\/v2\/media?parent=306827"}],"wp:term":[{"taxonomy":"category","embeddable":true,"href":"https:\/\/portalpopmais.com.br\/en\/wp-json\/wp\/v2\/categories?post=306827"},{"taxonomy":"post_tag","embeddable":true,"href":"https:\/\/portalpopmais.com.br\/en\/wp-json\/wp\/v2\/tags?post=306827"}],"curies":[{"name":"wp","href":"https:\/\/api.w.org\/{rel}","templated":true}]}}