{"id":306830,"date":"2026-09-06T08:00:00","date_gmt":"2026-09-06T11:00:00","guid":{"rendered":"https:\/\/portalpopmais.com.br\/?p=306830"},"modified":"2026-09-06T04:17:07","modified_gmt":"2026-09-06T07:17:07","slug":"rodrigo-simas-cueca-branca","status":"publish","type":"post","link":"https:\/\/portalpopmais.com.br\/en\/rodrigo-simas-cueca-branca\/","title":{"rendered":"Rodrigo Simas surge de cueca branca &#8220;recheada&#8221; e causa furor na web: &#8220;Um babador, por favor&#8221;"},"content":{"rendered":"<p class=\"wp-block-paragraph\">O ator <strong><a href=\"https:\/\/portalpopmais.com.br\/en\/trends\/rodrigo-simas\/\" data-type=\"post_tag\" data-id=\"11240\">Rodrigo Simas<\/a><\/strong> movimentou as redes sociais ao compartilhar um v\u00eddeo dos bastidores da prepara\u00e7\u00e3o para o primeiro dia do <a href=\"https:\/\/portalpopmais.com.br\/en\/trends\/rock-in-rio-2026\/\" data-type=\"post_tag\" data-id=\"21815\">Rock in Rio<\/a>. Nas imagens, o artista de 34 anos aparece de cueca branca e camiseta enquanto escolhe o visual que usaria no festival, em um camarim da TV Globo.<\/p>\n\n\n\n<p class=\"wp-block-paragraph\">Atualmente, Simas integra o elenco da novela <em>A Nobreza do Amor<\/em> e aproveitou um intervalo nas grava\u00e7\u00f5es para se arrumar antes de seguir para o evento. O ator compareceu ao Rock in Rio ao lado da namorada, a atriz Agatha Moreira, que vive a personagem Ingrid na novela <em>Quem Ama Cuida<\/em>.<\/p>\n\n\n<div class=\"wp-block-image\">\n<figure class=\"aligncenter size-full\"><img loading=\"lazy\" decoding=\"async\" width=\"888\" height=\"628\" src=\"https:\/\/portalpopmais.com.br\/wp-content\/uploads\/2026\/09\/image-32.png\" alt=\"\" class=\"wp-image-306831\" title=\"\" srcset=\"https:\/\/portalpopmais.com.br\/wp-content\/uploads\/2026\/09\/image-32.png 888w, https:\/\/portalpopmais.com.br\/wp-content\/uploads\/2026\/09\/image-32-17x12.png 17w, https:\/\/portalpopmais.com.br\/wp-content\/uploads\/2026\/09\/image-32-768x543.png 768w\" sizes=\"auto, (max-width: 888px) 100vw, 888px\" \/><figcaption class=\"wp-element-caption\">Rodrigo Simas causa furor na web ao montar look para o Rock in Rio \u2014 Foto: Reprodu\u00e7\u00e3o\/Instagram<br><br><\/figcaption><\/figure>\n<\/div>\n\n\n<p class=\"wp-block-paragraph\">O registro rapidamente viralizou nas redes sociais, acumulando milhares de visualiza\u00e7\u00f5es e uma enxurrada de coment\u00e1rios. Internautas destacaram a boa forma do ator e reagiram com elogios e mensagens bem-humoradas sobre a publica\u00e7\u00e3o.<\/p>\n\n\n\n<p class=\"wp-block-paragraph\">A repercuss\u00e3o refor\u00e7ou a popularidade de Rodrigo Simas nas redes sociais, onde seus registros dos bastidores e momentos da vida pessoal costumam atrair grande engajamento entre os f\u00e3s.<\/p>\n\n\n\n<figure class=\"wp-block-embed is-type-rich is-provider-x wp-block-embed-x\"><div class=\"wp-block-embed__wrapper\">\n<blockquote class=\"twitter-tweet\" data-width=\"550\" data-dnt=\"true\"><p lang=\"pt\" dir=\"ltr\">Um babador por favor: Rodrigo Simas com sua cueca branca montando seu look para a primeira noite de Rock In Rio. <a href=\"https:\/\/t.co\/0YWcU8mbab\">pic.twitter.com\/0YWcU8mbab<\/a><\/p>&mdash; Paula Sampaio Moreti (@GiuliMedrado) <a href=\"https:\/\/x.com\/GiuliMedrado\/status\/2096022336663081203?ref_src=twsrc%5Etfw\">September 4, 2026<\/a><\/blockquote><script async src=\"https:\/\/platform.x.com\/widgets.js\" charset=\"utf-8\"><\/script>\n<\/div><\/figure>","protected":false},"excerpt":{"rendered":"<p>Rodrigo Simas chamou a aten\u00e7\u00e3o dos f\u00e3s ao compartilhar um v\u00eddeo dos bastidores antes de curtir o Rock in Rio.<\/p>","protected":false},"author":2,"featured_media":306832,"comment_status":"closed","ping_status":"closed","sticky":false,"template":"","format":"standard","meta":{"footnotes":""},"categories":[173],"tags":[11240],"class_list":["post-306830","post","type-post","status-publish","format-standard","has-post-thumbnail","hentry","category-celebridades","tag-rodrigo-simas"],"_links":{"self":[{"href":"https:\/\/portalpopmais.com.br\/en\/wp-json\/wp\/v2\/posts\/306830","targetHints":{"allow":["GET"]}}],"collection":[{"href":"https:\/\/portalpopmais.com.br\/en\/wp-json\/wp\/v2\/posts"}],"about":[{"href":"https:\/\/portalpopmais.com.br\/en\/wp-json\/wp\/v2\/types\/post"}],"author":[{"embeddable":true,"href":"https:\/\/portalpopmais.com.br\/en\/wp-json\/wp\/v2\/users\/2"}],"replies":[{"embeddable":true,"href":"https:\/\/portalpopmais.com.br\/en\/wp-json\/wp\/v2\/comments?post=306830"}],"version-history":[{"count":1,"href":"https:\/\/portalpopmais.com.br\/en\/wp-json\/wp\/v2\/posts\/306830\/revisions"}],"predecessor-version":[{"id":306838,"href":"https:\/\/portalpopmais.com.br\/en\/wp-json\/wp\/v2\/posts\/306830\/revisions\/306838"}],"wp:featuredmedia":[{"embeddable":true,"href":"https:\/\/portalpopmais.com.br\/en\/wp-json\/wp\/v2\/media\/306832"}],"wp:attachment":[{"href":"https:\/\/portalpopmais.com.br\/en\/wp-json\/wp\/v2\/media?parent=306830"}],"wp:term":[{"taxonomy":"category","embeddable":true,"href":"https:\/\/portalpopmais.com.br\/en\/wp-json\/wp\/v2\/categories?post=306830"},{"taxonomy":"post_tag","embeddable":true,"href":"https:\/\/portalpopmais.com.br\/en\/wp-json\/wp\/v2\/tags?post=306830"}],"curies":[{"name":"wp","href":"https:\/\/api.w.org\/{rel}","templated":true}]}}