{"id":306835,"date":"2026-09-06T07:32:54","date_gmt":"2026-09-06T10:32:54","guid":{"rendered":"https:\/\/portalpopmais.com.br\/?p=306835"},"modified":"2026-09-06T07:32:56","modified_gmt":"2026-09-06T10:32:56","slug":"barbara-borges-anuncia-fim-do-relacionamento-com-iran-malfitano-apos-tres-anos","status":"publish","type":"post","link":"https:\/\/portalpopmais.com.br\/en\/barbara-borges-anuncia-fim-do-relacionamento-com-iran-malfitano-apos-tres-anos\/","title":{"rendered":"B\u00e1rbara Borges anuncia fim do relacionamento com Iran Malfitano ap\u00f3s tr\u00eas anos"},"content":{"rendered":"<p class=\"wp-block-paragraph\">A atriz B\u00e1rbara Borges anunciou neste s\u00e1bado (5) o fim do relacionamento com o ator Iran Malfitano. O casal, que estava junto h\u00e1 cerca de tr\u00eas anos, est\u00e1 oficialmente separado h\u00e1 dois meses e n\u00e3o mora mais na mesma casa. A informa\u00e7\u00e3o foi divulgada por meio de um comunicado publicado nas redes sociais da artista.<\/p>\n\n\n\n<p class=\"wp-block-paragraph\">&#8220;Nesse s\u00e1bado de frio e chuva no RJ, venho comunicar que eu e Iran n\u00e3o moramos mais juntos e estamos separados h\u00e1 dois meses&#8221;, escreveu B\u00e1rbara ao iniciar o desabafo.<\/p>\n\n\n\n<p class=\"wp-block-paragraph\">Na publica\u00e7\u00e3o, a atriz relembrou que o romance come\u00e7ou logo ap\u00f3s a participa\u00e7\u00e3o dos dois no reality <em>A Fazenda<\/em>, per\u00edodo em que conquistaram o carinho e a torcida do p\u00fablico.<\/p>\n\n\n\n<p class=\"wp-block-paragraph\">&#8220;Nos apaixonamos e come\u00e7amos a namorar ap\u00f3s uma exposi\u00e7\u00e3o grande em <em>A Fazenda<\/em>, e tivemos a torcida e o carinho de pessoas muito queridas que nos acompanharam todo esse tempo. Esse comunicado \u00e9 muito em respeito e considera\u00e7\u00e3o a todos voc\u00eas&#8221;, afirmou.<\/p>\n\n\n\n<p class=\"wp-block-paragraph\">B\u00e1rbara tamb\u00e9m revelou que a decis\u00e3o pelo t\u00e9rmino foi dif\u00edcil e resultado de problemas que se repetiram ao longo da rela\u00e7\u00e3o.<\/p>\n\n\n\n<p class=\"wp-block-paragraph\">&#8220;Tem decis\u00f5es que s\u00e3o muito dif\u00edceis de serem tomadas e levam um tempo para a gente assimilar. N\u00e3o est\u00e1 sendo f\u00e1cil para n\u00f3s dois. Como casal tivemos problemas recorrentes que foram ruindo nosso relacionamento&#8221;, declarou.<\/p>\n\n\n\n<p class=\"wp-block-paragraph\">Apesar da separa\u00e7\u00e3o, a atriz destacou que o carinho e a amizade constru\u00edda ao longo de mais de duas d\u00e9cadas permanecem.<\/p>\n\n\n\n<p class=\"wp-block-paragraph\">&#8220;Antes de namorados e parceiros, somos amigos h\u00e1 mais de 20 anos, e isso, da minha parte, sempre se manter\u00e1&#8221;, escreveu.<\/p>\n\n\n\n<p class=\"wp-block-paragraph\">Ao encerrar o comunicado, B\u00e1rbara classificou o momento como delicado, mas demonstrou confian\u00e7a de que ambos seguir\u00e3o em frente.<\/p>\n\n\n\n<p class=\"wp-block-paragraph\">&#8220;Esse \u00e9 um momento bastante delicado, mas a vida n\u00e3o para e segue seu rumo. Como tudo \u00e9 transit\u00f3rio, vai passar&#8221;, concluiu.<\/p>\n\n\n\n<p class=\"wp-block-paragraph\">O relacionamento entre B\u00e1rbara Borges e Iran Malfitano teve in\u00edcio ap\u00f3s a participa\u00e7\u00e3o dos dois em <em>A Fazenda<\/em>, onde a proximidade despertou o interesse do p\u00fablico e deu origem ao romance que durou cerca de tr\u00eas anos.<\/p>","protected":false},"excerpt":{"rendered":"<p>A atriz B\u00e1rbara Borges anunciou neste s\u00e1bado (5) o fim do relacionamento com o ator Iran Malfitano. O casal, que estava junto h\u00e1 cerca de tr\u00eas anos, est\u00e1 oficialmente separado h\u00e1 dois meses e n\u00e3o mora mais na mesma casa. A informa\u00e7\u00e3o foi divulgada por meio de um comunicado publicado nas redes sociais da artista. [&hellip;]<\/p>\n","protected":false},"author":1,"featured_media":306836,"comment_status":"closed","ping_status":"closed","sticky":false,"template":"","format":"standard","meta":{"footnotes":""},"categories":[173],"tags":[13083,18550],"class_list":["post-306835","post","type-post","status-publish","format-standard","has-post-thumbnail","hentry","category-celebridades","tag-barbara-borges-2","tag-destaque"],"_links":{"self":[{"href":"https:\/\/portalpopmais.com.br\/en\/wp-json\/wp\/v2\/posts\/306835","targetHints":{"allow":["GET"]}}],"collection":[{"href":"https:\/\/portalpopmais.com.br\/en\/wp-json\/wp\/v2\/posts"}],"about":[{"href":"https:\/\/portalpopmais.com.br\/en\/wp-json\/wp\/v2\/types\/post"}],"author":[{"embeddable":true,"href":"https:\/\/portalpopmais.com.br\/en\/wp-json\/wp\/v2\/users\/1"}],"replies":[{"embeddable":true,"href":"https:\/\/portalpopmais.com.br\/en\/wp-json\/wp\/v2\/comments?post=306835"}],"version-history":[{"count":1,"href":"https:\/\/portalpopmais.com.br\/en\/wp-json\/wp\/v2\/posts\/306835\/revisions"}],"predecessor-version":[{"id":306837,"href":"https:\/\/portalpopmais.com.br\/en\/wp-json\/wp\/v2\/posts\/306835\/revisions\/306837"}],"wp:featuredmedia":[{"embeddable":true,"href":"https:\/\/portalpopmais.com.br\/en\/wp-json\/wp\/v2\/media\/306836"}],"wp:attachment":[{"href":"https:\/\/portalpopmais.com.br\/en\/wp-json\/wp\/v2\/media?parent=306835"}],"wp:term":[{"taxonomy":"category","embeddable":true,"href":"https:\/\/portalpopmais.com.br\/en\/wp-json\/wp\/v2\/categories?post=306835"},{"taxonomy":"post_tag","embeddable":true,"href":"https:\/\/portalpopmais.com.br\/en\/wp-json\/wp\/v2\/tags?post=306835"}],"curies":[{"name":"wp","href":"https:\/\/api.w.org\/{rel}","templated":true}]}}