{"id":31154,"date":"2019-08-14T17:50:54","date_gmt":"2019-08-14T20:50:54","guid":{"rendered":"http:\/\/popmais.com.br\/?p=31154"},"modified":"2019-08-14T17:50:54","modified_gmt":"2019-08-14T20:50:54","slug":"lena-katina-ex-integrante-da-dupla-t-a-t-u-fara-shows-no-brasil","status":"publish","type":"post","link":"https:\/\/portalpopmais.com.br\/en\/lena-katina-ex-integrante-da-dupla-t-a-t-u-fara-shows-no-brasil\/","title":{"rendered":"Lena Katina, ex-integrante da dupla t.A.T.u. far\u00e1 shows no Brasil"},"content":{"rendered":"<p>A cantora <strong>Lena Katina<\/strong> que ficou conhecida mundialmente por integrar o grupo russo <strong>t.A.T.u.<\/strong> ao lado de <strong>Julia Volkova<\/strong> com os hits <em>\u201cAll Things She Said\u201d<\/em>, <em>\u201cNot Gonna Get Us\u201d<\/em> e <em>\u201cAll About Us\u201d<\/em> vir\u00e1 ao Brasil para duas apresenta\u00e7\u00f5es \u00fanicas em novembro.<\/p>\n<p>O primeiro show acontecer\u00e1 em Fortaleza no dia 16 de Novembro no Complexo Armaz\u00e9m e promete um grande repert\u00f3rio recheados de hits da dupla t.A.T.u. e de sua carreira solo, Lena tamb\u00e9m passar\u00e1 pela cidade de S\u00e3o Paulo para realizar um evento privado e exclusivo, os compradores ter\u00e3o direito a um pocketshow, aut\u00f3grafos, tirar fotos e fazer perguntas com a cantora.<\/p>\n<p>Lena j\u00e1 havia vindo ao Brasil em 2013 para um show \u00fanico em S\u00e3o Paulo com seu primeiro cd <em>\u201cThis Is Who I Am\u201d<\/em> e agora voltar\u00e1 com seu novo \u00e1lbum em russo <em>\u201cMono\u201d<\/em>, lan\u00e7ado m\u00eas passado.<\/p>\n<p>O primeiro lote do show em Fortaleza custar\u00e1 R$ 35,00 a meia-entrada e R$ 70,00 a inteira e meet&amp;greet com direito a foto com a cantora ter\u00e1 o pre\u00e7o de R$ 250,00 (valor promocional), o evento privado em S\u00e3o Paulo custar\u00e1 R$ 450,00 e poder\u00e1 ser parcelado em at\u00e9 12 x, somente os compradores ter\u00e3o acesso a informa\u00e7\u00f5es do local onde ocorrer\u00e1 o evento.<\/p>\n<p>Os ingressos estar\u00e3o \u00e0 venda nesta quinta-feira (15\/08) ao meio-dia e devem ser adquiridos no Sympla: www.sympla.com.br\/rrentretenimento<\/p>","protected":false},"excerpt":{"rendered":"<p>A cantora Lena Katina que ficou conhecida mundialmente por integrar o grupo russo t.A.T.u. ao lado de Julia Volkova com os hits \u201cAll Things She Said\u201d, \u201cNot Gonna Get Us\u201d e \u201cAll About Us\u201d vir\u00e1 ao Brasil para duas apresenta\u00e7\u00f5es \u00fanicas em novembro. O primeiro show acontecer\u00e1 em Fortaleza no dia 16 de Novembro no [&hellip;]<\/p>\n","protected":false},"author":2,"featured_media":31155,"comment_status":"open","ping_status":"open","sticky":false,"template":"","format":"standard","meta":{"footnotes":""},"categories":[2215],"tags":[726,6317,2861],"class_list":["post-31154","post","type-post","status-publish","format-standard","has-post-thumbnail","hentry","category-eventos","tag-fortaleza","tag-lena-katina","tag-t-a-t-u"],"_links":{"self":[{"href":"https:\/\/portalpopmais.com.br\/en\/wp-json\/wp\/v2\/posts\/31154","targetHints":{"allow":["GET"]}}],"collection":[{"href":"https:\/\/portalpopmais.com.br\/en\/wp-json\/wp\/v2\/posts"}],"about":[{"href":"https:\/\/portalpopmais.com.br\/en\/wp-json\/wp\/v2\/types\/post"}],"author":[{"embeddable":true,"href":"https:\/\/portalpopmais.com.br\/en\/wp-json\/wp\/v2\/users\/2"}],"replies":[{"embeddable":true,"href":"https:\/\/portalpopmais.com.br\/en\/wp-json\/wp\/v2\/comments?post=31154"}],"version-history":[{"count":0,"href":"https:\/\/portalpopmais.com.br\/en\/wp-json\/wp\/v2\/posts\/31154\/revisions"}],"wp:featuredmedia":[{"embeddable":true,"href":"https:\/\/portalpopmais.com.br\/en\/wp-json\/"}],"wp:attachment":[{"href":"https:\/\/portalpopmais.com.br\/en\/wp-json\/wp\/v2\/media?parent=31154"}],"wp:term":[{"taxonomy":"category","embeddable":true,"href":"https:\/\/portalpopmais.com.br\/en\/wp-json\/wp\/v2\/categories?post=31154"},{"taxonomy":"post_tag","embeddable":true,"href":"https:\/\/portalpopmais.com.br\/en\/wp-json\/wp\/v2\/tags?post=31154"}],"curies":[{"name":"wp","href":"https:\/\/api.w.org\/{rel}","templated":true}]}}