{"id":31177,"date":"2019-08-15T12:04:35","date_gmt":"2019-08-15T15:04:35","guid":{"rendered":"http:\/\/popmais.com.br\/?p=31177"},"modified":"2019-08-15T12:04:35","modified_gmt":"2019-08-15T15:04:35","slug":"azealia-banks-ataca-pabllo-vittar-e-artistas-brasileiros-copias-de-artistas-a-list","status":"publish","type":"post","link":"https:\/\/portalpopmais.com.br\/en\/azealia-banks-ataca-pabllo-vittar-e-artistas-brasileiros-copias-de-artistas-a-list\/","title":{"rendered":"Azealia Banks ataca Pabllo Vittar e artistas brasileiros: \u201cc\u00f3pias de artistas A-list\u201d"},"content":{"rendered":"<p>Mais uma vez <strong>Azealia Banks<\/strong> resolveu destilar seu tradicional veneno aos brasileiros. Sempre travando picuinhas com seus seguidores tupiniquins, a rapper voltou a falar de <strong>Pabllo Vittar<\/strong> e estendeu seus coment\u00e1rios aos artistas nacionais.<\/p>\n<p>Em uma s\u00e9rie de mensagens no Instagram, Banks respondeu \u00e0 um seguidor que pediu que ela se desculpasse com a comunidade LGBTQ+ por ter ofendido Vittar. No final do ano passado, em passagem por aqui, rolou uma treta entre Azealia e Pabllo em Fortaleza. Na ocasi\u00e3o, a americana n\u00e3o quis se apresentar antes da drag brasileira, para ela isso seria uma ofensa, pois se considera maior que a maranhense.<\/p>\n<blockquote class=\"wp-embedded-content\" data-secret=\"C8KhkDYyjw\"><p><a href=\"https:\/\/popmais.com.br\/azealia-banks-confirma-em-publicacao-nas-redes-sociais-que-nao-se-apresentou-em-fortaleza-por-causa-de-pabllo-vittar\/\" target=\"_blank\" rel=\"noopener\">Azealia Banks confirma, em conversa com f\u00e3, que n\u00e3o se apresentou em Fortaleza por causa de Pabllo Vittar<\/a><\/p><\/blockquote>\n<p><iframe loading=\"lazy\" title=\"&#8220;Azealia Banks confirma, em conversa com f\u00e3, que n\u00e3o se apresentou em Fortaleza por causa de Pabllo Vittar&#8221; &#8212; POP Mais\" class=\"wp-embedded-content\" sandbox=\"allow-scripts\" security=\"restricted\" style=\"position: absolute; clip: rect(1px, 1px, 1px, 1px);\" src=\"https:\/\/popmais.com.br\/azealia-banks-confirma-em-publicacao-nas-redes-sociais-que-nao-se-apresentou-em-fortaleza-por-causa-de-pabllo-vittar\/embed\/#?secret=C8KhkDYyjw\" data-secret=\"C8KhkDYyjw\" width=\"600\" height=\"338\" frameborder=\"0\" marginwidth=\"0\" marginheight=\"0\" scrolling=\"no\"><\/iframe><\/p>\n<p>Desta vez, em sua resposta, a rapper disparou contra outros artistas brasileiros, afirmando que todos querem chegar ao pop ocidental, e n\u00e3o passam de &#8220;c\u00f3pias de artistas A-list&#8221;.<\/p>\n<p>Confira abaixo:<\/p>\n<p><img loading=\"lazy\" decoding=\"async\" class=\"aligncenter size-full wp-image-31178\" src=\"http:\/\/popmais.com.br\/wp-content\/uploads\/2019\/08\/banks1.jpg\" alt=\"\" width=\"450\" height=\"800\" title=\"\"> <img loading=\"lazy\" decoding=\"async\" class=\"aligncenter size-full wp-image-31179\" src=\"http:\/\/popmais.com.br\/wp-content\/uploads\/2019\/08\/banks-2.jpg\" alt=\"\" width=\"450\" height=\"800\" title=\"\"><\/p>\n<p><img loading=\"lazy\" decoding=\"async\" class=\"aligncenter size-full wp-image-31180\" src=\"http:\/\/popmais.com.br\/wp-content\/uploads\/2019\/08\/banks3.jpg\" alt=\"\" width=\"450\" height=\"800\" title=\"\"><\/p>\n<blockquote>\n<p style=\"text-align:center;\"><em>\u201cComo que eu ofendi toda uma comunidade ao dizer a uma drag queen que ela n\u00e3o est\u00e1 entregando a feminilidade que ela acha que est\u00e1 entregando em sua cabe\u00e7a? Risos<\/em><\/p>\n<p style=\"text-align:center;\"><em>Pabllo entrega uma grande vibe de artista de mercado C ao conscientemente fazer de sua arte uma r\u00e9plica direta ao estilo Cabar\u00e9 do que os artistas est\u00e3o fazendo em mercados A. Eu sinto que v\u00e1rios artistas brasileiros t\u00eam um estilo \u201caudi\u00e7\u00e3o de American Idol\u201d for\u00e7ado em sua arte que \u00e9 honestamente t\u00e3o desnecess\u00e1rio. O Brasil tem uma cultura t\u00e3o profunda, rica e \u00fanica\u2026 A cultura norte-americana \u00e9 t\u00e3o vazia e pobre risos, meu maior desejo \u00e9 que Pabllo ache sua verdadeira voz art\u00edstica. Ela ainda n\u00e3o tem uma. Ela copia o que ela v\u00ea ent\u00e3o ela demanda respeito de um artista que trabalhou duro e literalmente sofreu para achar sua voz. E dito isso, eu ainda nunca irei abrir para essa vadia e n\u00e3o, eu n\u00e3o sinto muito. Risos\u201d<\/em><\/p>\n<p style=\"text-align:center;\"><em>\u201cSem tentar trazer de volta \u00e0 tona uma treta antiga mas voc\u00eas n\u00e3o entendem o que eu quero dizer sobre as estrelas pop brasileiras?<\/em><\/p>\n<p style=\"text-align:center;\"><em>Eu acho que a maioria deles \u00e9 inteiramente muito talentosos para apreciar a cultura ocidental o tanto que eles apreciam risos\u2026 Tipo, por que pagar tributo a todas as nossas estrelas ocidentais bregas quando a cultura brasileira e m\u00fasica, a Bossa Nova e Funk devora qualquer uma das besteiras que fazemos deste lado risos\u2026<\/em><\/p>\n<p style=\"text-align:center;\"><em>Pode ser um pensamento controverso, mas eu realmente sinto que as estrelas Pop do Brasil meio que tentam educadamente escalar at\u00e9 o Pop ocidental quando eles deveriam simplesmente arrancar as cabe\u00e7as dessas garotas com as suas ra\u00edzes e batidas brasileiras e profundo poder e energia espiritual.<\/em><\/p>\n<p style=\"text-align:center;\"><em>Eu estou provavelmente tendo outra profecia de terceiro olho que \u00e9 intencionalmente boa mas que soa uma bagun\u00e7a\u2026<\/em><\/p>\n<p style=\"text-align:center;\"><em>Agora Tchau risos\u201d<\/em><\/p>\n<\/blockquote>","protected":false},"excerpt":{"rendered":"<p>Mais uma vez Azealia Banks resolveu destilar seu tradicional veneno aos brasileiros. Sempre travando picuinhas com seus seguidores tupiniquins, a rapper voltou a falar de Pabllo Vittar e estendeu seus coment\u00e1rios aos artistas nacionais. Em uma s\u00e9rie de mensagens no Instagram, Banks respondeu \u00e0 um seguidor que pediu que ela se desculpasse com a comunidade [&hellip;]<\/p>\n","protected":false},"author":2,"featured_media":31182,"comment_status":"open","ping_status":"open","sticky":false,"template":"","format":"standard","meta":{"footnotes":""},"categories":[154],"tags":[170,164],"class_list":["post-31177","post","type-post","status-publish","format-standard","has-post-thumbnail","hentry","category-musica","tag-azealia-banks","tag-pabllo-vittar"],"_links":{"self":[{"href":"https:\/\/portalpopmais.com.br\/en\/wp-json\/wp\/v2\/posts\/31177","targetHints":{"allow":["GET"]}}],"collection":[{"href":"https:\/\/portalpopmais.com.br\/en\/wp-json\/wp\/v2\/posts"}],"about":[{"href":"https:\/\/portalpopmais.com.br\/en\/wp-json\/wp\/v2\/types\/post"}],"author":[{"embeddable":true,"href":"https:\/\/portalpopmais.com.br\/en\/wp-json\/wp\/v2\/users\/2"}],"replies":[{"embeddable":true,"href":"https:\/\/portalpopmais.com.br\/en\/wp-json\/wp\/v2\/comments?post=31177"}],"version-history":[{"count":0,"href":"https:\/\/portalpopmais.com.br\/en\/wp-json\/wp\/v2\/posts\/31177\/revisions"}],"wp:featuredmedia":[{"embeddable":true,"href":"https:\/\/portalpopmais.com.br\/en\/wp-json\/"}],"wp:attachment":[{"href":"https:\/\/portalpopmais.com.br\/en\/wp-json\/wp\/v2\/media?parent=31177"}],"wp:term":[{"taxonomy":"category","embeddable":true,"href":"https:\/\/portalpopmais.com.br\/en\/wp-json\/wp\/v2\/categories?post=31177"},{"taxonomy":"post_tag","embeddable":true,"href":"https:\/\/portalpopmais.com.br\/en\/wp-json\/wp\/v2\/tags?post=31177"}],"curies":[{"name":"wp","href":"https:\/\/api.w.org\/{rel}","templated":true}]}}