{"id":32190,"date":"2019-08-29T09:15:06","date_gmt":"2019-08-29T12:15:06","guid":{"rendered":"http:\/\/popmais.com.br\/?p=32190"},"modified":"2019-08-29T09:15:06","modified_gmt":"2019-08-29T12:15:06","slug":"gloria-pires-se-pronuncia-sobre-disturbio-alimentar-de-cleo-foi-dificil-dormir","status":"publish","type":"post","link":"https:\/\/portalpopmais.com.br\/en\/gloria-pires-se-pronuncia-sobre-disturbio-alimentar-de-cleo-foi-dificil-dormir\/","title":{"rendered":"Gloria Pires se pronuncia sobre dist\u00farbio alimentar de Cleo: \u201cFoi dif\u00edcil dormir\u201d"},"content":{"rendered":"<p>Ap\u00f3s <strong>Cleo<\/strong> comentar sobre o dist\u00farbio alimentar que sofreu e tamb\u00e9m sobre a sua depress\u00e3o, durante entrevista cedida ao \u2018Conversa com Bial\u2019, <strong>Gloria Pires<\/strong> se pronunciou sobre o caso da filha em sua conta no Twitter.<\/p>\n<p><em>\u201cOntem foi dif\u00edcil dormir depois dessa entrevista espetacular, no \u2018Convesa com Bial\u2019. Al\u00e9m do pr\u00f3prio, que est\u00e1 cada vez melhor, minhas meninas deram aula de maturidade, autoconhecimento e aceita\u00e7\u00e3o\u201d,<\/em> escreveu.<\/p>\n<p><em>\u201cTalento, beleza e Luz. Imagino quantas pessoas foram tocadas por essa mensagem\u201d<\/em>, finalizou a atriz.<\/p>\n<blockquote class=\"twitter-tweet\" data-width=\"550\" data-dnt=\"true\">\n<p lang=\"pt\" dir=\"ltr\">Ontem foi dif\u00edcil dormir depois dessa entrevista espetacular, no <a href=\"https:\/\/twitter.com\/hashtag\/ConversaComBial?src=hash&amp;ref_src=twsrc%5Etfw\" target=\"_blank\" rel=\"noopener\">#ConversaComBial<\/a>. Al\u00e9m do pr\u00f3prio, que est\u00e1 cada vez melhor, minhas meninas deram aula de maturidade, autoconhecimento e aceita\u00e7\u00e3o. Talento, beleza e Luz. Imagino quantas pessoas foram tocadas por essa mensagem! \ud83d\ude4f\ud83c\udffc <a href=\"https:\/\/t.co\/JH6qqb8vgc\">pic.twitter.com\/JH6qqb8vgc<\/a><\/p>\n<p>&mdash; Gloria Pires (@gloriapires) <a href=\"https:\/\/twitter.com\/gloriapires\/status\/1166774385371488257?ref_src=twsrc%5Etfw\" target=\"_blank\" rel=\"noopener\">August 28, 2019<\/a><\/p><\/blockquote>\n<p><script async src=\"https:\/\/platform.twitter.com\/widgets.js\" charset=\"utf-8\"><\/script><\/p>\n<blockquote class=\"wp-embedded-content\" data-secret=\"8MVqhJY38l\"><p><a href=\"https:\/\/popmais.com.br\/cleo-pires-rebate-seguidor-apos-ser-chamada-de-gorda\/\" target=\"_blank\" rel=\"noopener\">Cleo Pires rebate seguidor ap\u00f3s ser chamada de gorda<\/a><\/p><\/blockquote>\n<p><iframe loading=\"lazy\" title=\"&#8220;Cleo Pires rebate seguidor ap\u00f3s ser chamada de gorda&#8221; &#8212; POP Mais\" class=\"wp-embedded-content\" sandbox=\"allow-scripts\" security=\"restricted\" style=\"position: absolute; clip: rect(1px, 1px, 1px, 1px);\" src=\"https:\/\/popmais.com.br\/cleo-pires-rebate-seguidor-apos-ser-chamada-de-gorda\/embed\/#?secret=8MVqhJY38l\" data-secret=\"8MVqhJY38l\" width=\"600\" height=\"338\" frameborder=\"0\" marginwidth=\"0\" marginheight=\"0\" scrolling=\"no\"><\/iframe><\/p>\n<p>&nbsp;<\/p>","protected":false},"excerpt":{"rendered":"<p>Ap\u00f3s Cleo comentar sobre o dist\u00farbio alimentar que sofreu e tamb\u00e9m sobre a sua depress\u00e3o, durante entrevista cedida ao \u2018Conversa com Bial\u2019, Gloria Pires se pronunciou sobre o caso da filha em sua conta no Twitter. \u201cOntem foi dif\u00edcil dormir depois dessa entrevista espetacular, no \u2018Convesa com Bial\u2019. Al\u00e9m do pr\u00f3prio, que est\u00e1 cada vez [&hellip;]<\/p>\n","protected":false},"author":2,"featured_media":32194,"comment_status":"closed","ping_status":"open","sticky":false,"template":"","format":"standard","meta":{"footnotes":""},"categories":[173],"tags":[367],"class_list":["post-32190","post","type-post","status-publish","format-standard","has-post-thumbnail","hentry","category-celebridades","tag-cleo"],"_links":{"self":[{"href":"https:\/\/portalpopmais.com.br\/en\/wp-json\/wp\/v2\/posts\/32190","targetHints":{"allow":["GET"]}}],"collection":[{"href":"https:\/\/portalpopmais.com.br\/en\/wp-json\/wp\/v2\/posts"}],"about":[{"href":"https:\/\/portalpopmais.com.br\/en\/wp-json\/wp\/v2\/types\/post"}],"author":[{"embeddable":true,"href":"https:\/\/portalpopmais.com.br\/en\/wp-json\/wp\/v2\/users\/2"}],"replies":[{"embeddable":true,"href":"https:\/\/portalpopmais.com.br\/en\/wp-json\/wp\/v2\/comments?post=32190"}],"version-history":[{"count":0,"href":"https:\/\/portalpopmais.com.br\/en\/wp-json\/wp\/v2\/posts\/32190\/revisions"}],"wp:featuredmedia":[{"embeddable":true,"href":"https:\/\/portalpopmais.com.br\/en\/wp-json\/"}],"wp:attachment":[{"href":"https:\/\/portalpopmais.com.br\/en\/wp-json\/wp\/v2\/media?parent=32190"}],"wp:term":[{"taxonomy":"category","embeddable":true,"href":"https:\/\/portalpopmais.com.br\/en\/wp-json\/wp\/v2\/categories?post=32190"},{"taxonomy":"post_tag","embeddable":true,"href":"https:\/\/portalpopmais.com.br\/en\/wp-json\/wp\/v2\/tags?post=32190"}],"curies":[{"name":"wp","href":"https:\/\/api.w.org\/{rel}","templated":true}]}}