{"id":32846,"date":"2019-09-06T12:43:36","date_gmt":"2019-09-06T15:43:36","guid":{"rendered":"http:\/\/popmais.com.br\/?p=32846"},"modified":"2019-09-06T12:43:36","modified_gmt":"2019-09-06T15:43:36","slug":"prefeito-do-rio-censura-gibi-dos-vingadores-com-cena-de-beijo-gay","status":"publish","type":"post","link":"https:\/\/portalpopmais.com.br\/en\/prefeito-do-rio-censura-gibi-dos-vingadores-com-cena-de-beijo-gay\/","title":{"rendered":"Prefeito do Rio censura gibi dos Vingadores com cena de beijo gay"},"content":{"rendered":"<p>Marcelo Crivella, prefeito do Rio de Janeiro, determinou a retirada da edi\u00e7\u00e3o encadernada da HQ <em>&#8221; Vingadores: A Cruzada das Crian\u00e7as&#8221;<\/em>, da Bienal do Livro, que acontece na cidade at\u00e9 8 de setembro;<\/p>\n<p>Segundo ele, a hist\u00f3ria apresenta conte\u00fado impr\u00f3prio para menores, por mostrar um beijo entre dois homens. O prefeito publicou um v\u00eddeo em sua conta no Twitter, falando sobre o assunto.<\/p>\n<blockquote class=\"twitter-tweet\" data-width=\"550\" data-dnt=\"true\">\n<p lang=\"pt\" dir=\"ltr\">Pessoal, precisamos proteger as nossas crian\u00e7as. Por isso, determinamos que os organizadores da Bienal recolhessem os livros com conte\u00fados impr\u00f3prios para menores. N\u00e3o \u00e9 correto que elas tenham acesso precoce a assuntos que n\u00e3o est\u00e3o de acordo com suas idades. <a href=\"https:\/\/t.co\/sFw82bqmOx\">pic.twitter.com\/sFw82bqmOx<\/a><\/p>\n<p>&mdash; Marcelo Crivella (@MCrivella) <a href=\"https:\/\/twitter.com\/MCrivella\/status\/1169752491178831873?ref_src=twsrc%5Etfw\" target=\"_blank\" rel=\"noopener\">September 5, 2019<\/a><\/p><\/blockquote>\n<p><script async src=\"https:\/\/platform.twitter.com\/widgets.js\" charset=\"utf-8\"><\/script><\/p>\n<p>&#8220;Vingadores: a Cruzada das Crian\u00e7as&#8221;, foi escrita por Allan Heinberg e publicada originalmente em 2010. A hist\u00f3ria tem como personagens centrais o casal abertamente homossexual, Wiccano e Hulkling, que aparece abra\u00e7ado e dividindo a mesma cama em algumas p\u00e1ginas.<\/p>\n<p>O recolhimento foi anunciado ap\u00f3s discurso do vereador Alexandre Isquierdo (DEM) na C\u00e2mara Municipal do Rio, na \u00faltima quarta (4), em que o pol\u00edtico ataca a publica\u00e7\u00e3o como uma &#8220;covardia&#8221; \u00e0s crian\u00e7as e chama os colegas de C\u00e2mara a assinarem uma carta de rep\u00fadio contra Marvel, Panini e Salvat, todas respons\u00e1veis pela publica\u00e7\u00e3o da revista em diferentes momentos.<\/p>\n<div id=\"attachment_32848\" style=\"width: 690px\" class=\"wp-caption aligncenter\"><img loading=\"lazy\" decoding=\"async\" aria-describedby=\"caption-attachment-32848\" class=\"size-full wp-image-32848\" src=\"http:\/\/popmais.com.br\/wp-content\/uploads\/2019\/09\/EDyRew0XYAAFE2C.jpg\" alt=\"\" width=\"680\" height=\"560\" title=\"\"><p id=\"caption-attachment-32848\" class=\"wp-caption-text\">Foto: Reprodu\u00e7\u00e3o<\/p><\/div>\n<p>Em nota, a organiza\u00e7\u00e3o do evento reafirmou a pluralidade da feira, refor\u00e7ando o direito dos consumidores de trocarem livros cujos conte\u00fados n\u00e3o agradem. Confira:<\/p>\n<p><em>&#8220;A Bienal Internacional do Livro Rio, consagrada como o maior evento liter\u00e1rio do pa\u00eds, d\u00e1 voz a todos os p\u00fablicos, sem distin\u00e7\u00e3o, como uma democracia deve ser. Este \u00e9 um festival plural, onde todos s\u00e3o bem-vindos e est\u00e3o representados. Inclusive, no pr\u00f3ximo fim de semana, a Bienal do Livro ter\u00e1 tr\u00eas pain\u00e9is para debater a literatura Trans e LGBTQA+.<\/em><\/p>\n<p><em>A dire\u00e7\u00e3o do festival entende que, caso um visitante adquira uma obra que n\u00e3o o <\/em><em>agrade, ele tem todo o direito de solicitar a troca do produto, como prev\u00ea o C\u00f3digo de Defesa do Consumidor.&#8221;<\/em><\/p>\n<div id=\"attachment_32849\" style=\"width: 692px\" class=\"wp-caption aligncenter\"><img loading=\"lazy\" decoding=\"async\" aria-describedby=\"caption-attachment-32849\" class=\"size-full wp-image-32849\" src=\"http:\/\/popmais.com.br\/wp-content\/uploads\/2019\/09\/15677359675d71c09f3a24f_1567735967_2x3_lg.jpg\" alt=\"\" width=\"682\" height=\"1024\" title=\"\"><p id=\"caption-attachment-32849\" class=\"wp-caption-text\">P\u00e1gina do gibi &#8220;Vingadores &#8211; A Cruzada das Crian\u00e7as&#8221;, censurado por Crivella (Foto: Reprodu\u00e7\u00e3o\/ Twitter)<\/p><\/div>\n<p>Horas ap\u00f3s a determina\u00e7\u00e3o de retirada da publica\u00e7\u00e3o, o produto vendeu todas as edi\u00e7\u00f5es dispon\u00edveis em apenas 40 minutos ap\u00f3s a abertura da Bienal.<\/p>","protected":false},"excerpt":{"rendered":"<p>Marcelo Crivella, prefeito do Rio de Janeiro, determinou a retirada da edi\u00e7\u00e3o encadernada da HQ &#8221; Vingadores: A Cruzada das Crian\u00e7as&#8221;, da Bienal do Livro, que acontece na cidade at\u00e9 8 de setembro; Segundo ele, a hist\u00f3ria apresenta conte\u00fado impr\u00f3prio para menores, por mostrar um beijo entre dois homens. O prefeito publicou um v\u00eddeo em [&hellip;]<\/p>\n","protected":false},"author":2,"featured_media":32850,"comment_status":"open","ping_status":"open","sticky":false,"template":"","format":"standard","meta":{"footnotes":""},"categories":[1],"tags":[284],"class_list":["post-32846","post","type-post","status-publish","format-standard","has-post-thumbnail","hentry","category-fire2","tag-vingadores"],"_links":{"self":[{"href":"https:\/\/portalpopmais.com.br\/en\/wp-json\/wp\/v2\/posts\/32846","targetHints":{"allow":["GET"]}}],"collection":[{"href":"https:\/\/portalpopmais.com.br\/en\/wp-json\/wp\/v2\/posts"}],"about":[{"href":"https:\/\/portalpopmais.com.br\/en\/wp-json\/wp\/v2\/types\/post"}],"author":[{"embeddable":true,"href":"https:\/\/portalpopmais.com.br\/en\/wp-json\/wp\/v2\/users\/2"}],"replies":[{"embeddable":true,"href":"https:\/\/portalpopmais.com.br\/en\/wp-json\/wp\/v2\/comments?post=32846"}],"version-history":[{"count":0,"href":"https:\/\/portalpopmais.com.br\/en\/wp-json\/wp\/v2\/posts\/32846\/revisions"}],"wp:featuredmedia":[{"embeddable":true,"href":"https:\/\/portalpopmais.com.br\/en\/wp-json\/"}],"wp:attachment":[{"href":"https:\/\/portalpopmais.com.br\/en\/wp-json\/wp\/v2\/media?parent=32846"}],"wp:term":[{"taxonomy":"category","embeddable":true,"href":"https:\/\/portalpopmais.com.br\/en\/wp-json\/wp\/v2\/categories?post=32846"},{"taxonomy":"post_tag","embeddable":true,"href":"https:\/\/portalpopmais.com.br\/en\/wp-json\/wp\/v2\/tags?post=32846"}],"curies":[{"name":"wp","href":"https:\/\/api.w.org\/{rel}","templated":true}]}}