{"id":34347,"date":"2019-09-25T11:24:50","date_gmt":"2019-09-25T14:24:50","guid":{"rendered":"http:\/\/popmais.com.br\/?p=34347"},"modified":"2019-09-25T11:24:50","modified_gmt":"2019-09-25T14:24:50","slug":"uma-desilusao-imensa-desabafa-maluma-por-nao-ter-recebido-nenhuma-indicacao-ao-grammy-latino","status":"publish","type":"post","link":"https:\/\/portalpopmais.com.br\/en\/uma-desilusao-imensa-desabafa-maluma-por-nao-ter-recebido-nenhuma-indicacao-ao-grammy-latino\/","title":{"rendered":"&#8220;Uma desilus\u00e3o imensa&#8221;, desabafa Maluma por n\u00e3o ter recebido nenhuma indica\u00e7\u00e3o ao Grammy Latino"},"content":{"rendered":"<p>Ap\u00f3s a revela\u00e7\u00e3o da lista de indicados ao <strong>Grammy Latino<\/strong> nesta ter\u00e7a-feira (24), <strong>Maluma<\/strong> utilizou suas redes sociais para desabafar sobre a sua falta de indica\u00e7\u00f5es para a premia\u00e7\u00e3o. O cantor, que lan\u00e7ou seu mais recente \u00e1lbum <em>&#8220;11:11&#8221;<\/em>, em maio, onde chegou a gravar duas parcerias com a rainha do pop, revelou que est\u00e1 desiludido com com a premia\u00e7\u00e3o.<\/p>\n<p>O colombiano ainda fez quest\u00e3o de relembrar seus novos sucessos, foram deixados de lado, como tamb\u00e9m o fato de <strong>Madonna<\/strong> ter cantado em espanhol em seu disco, na faixa <em>&#8220;Soltera&#8221;<\/em>. Confira o desabafo do cantor:<\/p>\n<p><em>&#8220;Uma desilus\u00e3o imensa n\u00e3o ter sequer uma indica\u00e7\u00e3o ao Latin Grammy, tanto esfor\u00e7o, fiz o melhor disco que poderia ter feito em minha vida, Madonna cantando em espanhol, sucessos como \u2018HP\u2019, \u201911 PM\u2019, uma salsa produzida pelo grande Sergio George e em meu peito, n\u00e3o cabe o cora\u00e7\u00e3o e a entrega que depositei em \u201911:11\u2032. Definitivamente fico confuso e sem saber o que pensar. A \u00fanica coisa que fica clara \u00e9 que o maior pr\u00eamio est\u00e1 em ver shows lotados e um p\u00fablico que te quer e se identifica contigo. Amo voc\u00eas, mas n\u00e3o posso esconder este puto sentimento que d\u00f3i aqui dentro. Felicidades a todos os indicados, de todo o cora\u00e7\u00e3o. Me d\u00e1 muita alegria ver tantos parceiros a\u00ed&#8221;<\/em>.<\/p>\n<p><img loading=\"lazy\" decoding=\"async\" class=\"wp-image-34348 aligncenter\" src=\"http:\/\/popmais.com.br\/wp-content\/uploads\/2019\/09\/Maluma-print-168x300.jpg\" alt=\"\" width=\"277\" height=\"494\" title=\"\"><\/p>\n<p>Apesar da aus\u00eancia do cantor, a mais recente edi\u00e7\u00e3o da premia\u00e7\u00e3o conta com <strong>Rosal\u00eda<\/strong>, <strong>Camila Cabello<\/strong>, <strong>Anitta<\/strong> em <em>&#8220;Melhor \u00c1lbum Urbano&#8221;<\/em>, <strong>Tiago Iorc<\/strong> na categoria <em>&#8220;Can\u00e7\u00e3o do Ano&#8221;<\/em>. Vale lembrar que al\u00e9m dos j\u00e1 citados a premia\u00e7\u00e3o ainda conta com <strong>Anavit\u00f3ria<\/strong>, <strong>Ana Ca\u00f1as<\/strong>, <strong>Mahmundi<\/strong>, <strong>Jair Oliveira<\/strong> e <strong>As Bahias e a Cozinha Mineira<\/strong>, na categoria de <em>&#8220;Melhor \u00c1lbum em L\u00edngua Portuguesa&#8221;<\/em>.<\/p>\n<p><iframe loading=\"lazy\" title=\"Maluma - Soltera (Pseudo Video) ft. Madonna\" width=\"880\" height=\"495\" src=\"https:\/\/www.youtube.com\/embed\/Z-vwjJuPYLc?feature=oembed\" frameborder=\"0\" allow=\"accelerometer; autoplay; encrypted-media; gyroscope; picture-in-picture\" allowfullscreen><\/iframe><\/p>","protected":false},"excerpt":{"rendered":"<p>Ap\u00f3s a revela\u00e7\u00e3o da lista de indicados ao Grammy Latino nesta ter\u00e7a-feira (24), Maluma utilizou suas redes sociais para desabafar sobre a sua falta de indica\u00e7\u00f5es para a premia\u00e7\u00e3o. O cantor, que lan\u00e7ou seu mais recente \u00e1lbum &#8220;11:11&#8221;, em maio, onde chegou a gravar duas parcerias com a rainha do pop, revelou que est\u00e1 desiludido [&hellip;]<\/p>\n","protected":false},"author":2,"featured_media":34351,"comment_status":"closed","ping_status":"open","sticky":false,"template":"","format":"standard","meta":{"footnotes":""},"categories":[154],"tags":[84,6910,6911],"class_list":["post-34347","post","type-post","status-publish","format-standard","has-post-thumbnail","hentry","category-musica","tag-maluma","tag-maluma-desabafa-grammy-latino","tag-maluma-grammy-latino"],"_links":{"self":[{"href":"https:\/\/portalpopmais.com.br\/en\/wp-json\/wp\/v2\/posts\/34347","targetHints":{"allow":["GET"]}}],"collection":[{"href":"https:\/\/portalpopmais.com.br\/en\/wp-json\/wp\/v2\/posts"}],"about":[{"href":"https:\/\/portalpopmais.com.br\/en\/wp-json\/wp\/v2\/types\/post"}],"author":[{"embeddable":true,"href":"https:\/\/portalpopmais.com.br\/en\/wp-json\/wp\/v2\/users\/2"}],"replies":[{"embeddable":true,"href":"https:\/\/portalpopmais.com.br\/en\/wp-json\/wp\/v2\/comments?post=34347"}],"version-history":[{"count":0,"href":"https:\/\/portalpopmais.com.br\/en\/wp-json\/wp\/v2\/posts\/34347\/revisions"}],"wp:attachment":[{"href":"https:\/\/portalpopmais.com.br\/en\/wp-json\/wp\/v2\/media?parent=34347"}],"wp:term":[{"taxonomy":"category","embeddable":true,"href":"https:\/\/portalpopmais.com.br\/en\/wp-json\/wp\/v2\/categories?post=34347"},{"taxonomy":"post_tag","embeddable":true,"href":"https:\/\/portalpopmais.com.br\/en\/wp-json\/wp\/v2\/tags?post=34347"}],"curies":[{"name":"wp","href":"https:\/\/api.w.org\/{rel}","templated":true}]}}