{"id":34614,"date":"2019-09-27T20:17:47","date_gmt":"2019-09-27T23:17:47","guid":{"rendered":"http:\/\/popmais.com.br\/?p=34614"},"modified":"2019-09-27T20:17:47","modified_gmt":"2019-09-27T23:17:47","slug":"homem-fica-pelado-durante-programa-do-datena-e-causa-espanto-tira-a-imagem-dai","status":"publish","type":"post","link":"https:\/\/portalpopmais.com.br\/en\/homem-fica-pelado-durante-programa-do-datena-e-causa-espanto-tira-a-imagem-dai\/","title":{"rendered":"Homem fica pelado durante programa do Datena e causa espanto: &#8221;Tira a imagem da\u00ed&#8221;"},"content":{"rendered":"<p>Nesta sexta-feira, 27, um caso inusitado aconteceu no\u00a0<em>&#8216;Brasil Urgente&#8217;,<\/em>\u00a0da TV Bandeirantes.\u00a0<strong>Jos\u00e9 Luiz Datena<\/strong>\u00a0acompanhava um suposto sequestro em S\u00e3o Paulo.<\/p>\n<p>No epis\u00f3dio, fontes afirmavam que uma mulher estaria sendo feita de ref\u00e9m em sua casa e policiais foram at\u00e9 o local. No entanto, o apresentador e os produtores foram pegos de surpresa quando notaram que um homem apareceu na janela e ficou pelado, enquanto o programa transmitia ao vivo as imagens.<\/p>\n<p>Ao anunciar que o caso tinha chegado ao fim, o homem em quest\u00e3o levantou as m\u00e3os e, em seguida, tirou a roupa.\u00a0<em>&#8220;Acabou. O cara est\u00e1 ficando pelado l\u00e1. Tira a imagem da\u00ed&#8221;<\/em>, pediu Datena enquanto as imagens continuavam a serem exibidas.<\/p>\n<div class=\"centerBanner\">Veja o v\u00eddeo:<\/div>\n<div><\/div>\n<div>\n<p><iframe loading=\"lazy\" title=\"HOMEM FICA PELADO AO VIVO NO &quot;BRASIL URGENTE&quot; (27\/09\/19)\" width=\"880\" height=\"495\" src=\"https:\/\/www.youtube.com\/embed\/_nnF9n9185A?feature=oembed\" frameborder=\"0\" allow=\"accelerometer; autoplay; encrypted-media; gyroscope; picture-in-picture\" allowfullscreen><\/iframe><\/p>\n<\/div>\n<div><\/div>\n<p>Em seguida, ele encerrou o assunto:\u00a0<em>&#8220;Quase vimos um homem pelado l\u00e1. N\u00e3o estou aqui para isso, n\u00e3o. Quero dar not\u00edcia boa&#8221;<\/em>.<\/p>\n<p>Que situa\u00e7\u00e3o!<\/p>","protected":false},"excerpt":{"rendered":"<p>Nesta sexta-feira, 27, um caso inusitado aconteceu no\u00a0&#8216;Brasil Urgente&#8217;,\u00a0da TV Bandeirantes.\u00a0Jos\u00e9 Luiz Datena\u00a0acompanhava um suposto sequestro em S\u00e3o Paulo. No epis\u00f3dio, fontes afirmavam que uma mulher estaria sendo feita de ref\u00e9m em sua casa e policiais foram at\u00e9 o local. No entanto, o apresentador e os produtores foram pegos de surpresa quando notaram que um [&hellip;]<\/p>\n","protected":false},"author":2,"featured_media":34615,"comment_status":"closed","ping_status":"open","sticky":false,"template":"","format":"standard","meta":{"footnotes":""},"categories":[181],"tags":[1152,6964],"class_list":["post-34614","post","type-post","status-publish","format-standard","has-post-thumbnail","hentry","category-televisao","tag-band","tag-tv-bandeirantes"],"_links":{"self":[{"href":"https:\/\/portalpopmais.com.br\/en\/wp-json\/wp\/v2\/posts\/34614","targetHints":{"allow":["GET"]}}],"collection":[{"href":"https:\/\/portalpopmais.com.br\/en\/wp-json\/wp\/v2\/posts"}],"about":[{"href":"https:\/\/portalpopmais.com.br\/en\/wp-json\/wp\/v2\/types\/post"}],"author":[{"embeddable":true,"href":"https:\/\/portalpopmais.com.br\/en\/wp-json\/wp\/v2\/users\/2"}],"replies":[{"embeddable":true,"href":"https:\/\/portalpopmais.com.br\/en\/wp-json\/wp\/v2\/comments?post=34614"}],"version-history":[{"count":0,"href":"https:\/\/portalpopmais.com.br\/en\/wp-json\/wp\/v2\/posts\/34614\/revisions"}],"wp:featuredmedia":[{"embeddable":true,"href":"https:\/\/portalpopmais.com.br\/en\/wp-json\/"}],"wp:attachment":[{"href":"https:\/\/portalpopmais.com.br\/en\/wp-json\/wp\/v2\/media?parent=34614"}],"wp:term":[{"taxonomy":"category","embeddable":true,"href":"https:\/\/portalpopmais.com.br\/en\/wp-json\/wp\/v2\/categories?post=34614"},{"taxonomy":"post_tag","embeddable":true,"href":"https:\/\/portalpopmais.com.br\/en\/wp-json\/wp\/v2\/tags?post=34614"}],"curies":[{"name":"wp","href":"https:\/\/api.w.org\/{rel}","templated":true}]}}