{"id":34718,"date":"2019-09-29T12:22:37","date_gmt":"2019-09-29T15:22:37","guid":{"rendered":"http:\/\/popmais.com.br\/?p=34718"},"modified":"2019-09-29T12:22:37","modified_gmt":"2019-09-29T15:22:37","slug":"rockinrio2019-pabllo-vittar-deve-cantar-com-a-lali-no-palco-supernova","status":"publish","type":"post","link":"https:\/\/portalpopmais.com.br\/en\/rockinrio2019-pabllo-vittar-deve-cantar-com-a-lali-no-palco-supernova\/","title":{"rendered":"#RockinRio2019 | Pabllo Vittar deve cantar com a Lali no Palco Supernova"},"content":{"rendered":"<p>Os f\u00e3s da Pabllo Vittar est\u00e3o enlouquecidos. Neste domingo a argentina Lali se apresenta no Palco Supernova, no terceiro dia de Rock In Rio 2019, e tudo indica que a brasileira ir\u00e1 se apresentar com ela.<\/p>\n<p>Semanas atr\u00e1s a cantora j\u00e1 havia revelado que convidou Vittar para cantar ao seu lado no evento, mas desde ent\u00e3o n\u00e3o houve nenhuma nova informa\u00e7\u00e3o, nem mesmo se a drag aceitou o convite.<\/p>\n<p>Pabllo, que estava nos Estados Unidos, chegou ontem(28) ao Brasil, mais precisamente ao Rio de Janeiro, coincidentemente um dia antes da apresenta\u00e7\u00e3o da Lali no festival.<\/p>\n<p>J\u00e1 temos a solu\u00e7\u00e3o para equa\u00e7\u00e3o.<\/p>\n<blockquote class=\"twitter-tweet\" data-width=\"550\" data-dnt=\"true\">\n<p lang=\"pt\" dir=\"ltr\">Pabllo Vittar posta Stories mostrando a orla do Rio de Janeiro da janela do hotel e alimenta rumor de que cantar\u00e1 ao lado da Lali no Palco Supernova. <a href=\"https:\/\/twitter.com\/hashtag\/RockInRio?src=hash&amp;ref_src=twsrc%5Etfw\" target=\"_blank\" rel=\"noopener\">#RockInRio<\/a> <a href=\"https:\/\/t.co\/xTNu4nYdIF\">pic.twitter.com\/xTNu4nYdIF<\/a><\/p>\n<p>&mdash; POP Mais (@sitepopmais) <a href=\"https:\/\/twitter.com\/sitepopmais\/status\/1178326157680431106?ref_src=twsrc%5Etfw\" target=\"_blank\" rel=\"noopener\">September 29, 2019<\/a><\/p><\/blockquote>\n<p><script async src=\"https:\/\/platform.twitter.com\/widgets.js\" charset=\"utf-8\"><\/script><\/p>","protected":false},"excerpt":{"rendered":"<p>Os f\u00e3s da Pabllo Vittar est\u00e3o enlouquecidos. Neste domingo a argentina Lali se apresenta no Palco Supernova, no terceiro dia de Rock In Rio 2019, e tudo indica que a brasileira ir\u00e1 se apresentar com ela. Semanas atr\u00e1s a cantora j\u00e1 havia revelado que convidou Vittar para cantar ao seu lado no evento, mas desde [&hellip;]<\/p>\n","protected":false},"author":2,"featured_media":33951,"comment_status":"open","ping_status":"open","sticky":false,"template":"","format":"standard","meta":{"footnotes":""},"categories":[1],"tags":[434],"class_list":["post-34718","post","type-post","status-publish","format-standard","has-post-thumbnail","hentry","category-fire2","tag-rock-in-rio"],"_links":{"self":[{"href":"https:\/\/portalpopmais.com.br\/en\/wp-json\/wp\/v2\/posts\/34718","targetHints":{"allow":["GET"]}}],"collection":[{"href":"https:\/\/portalpopmais.com.br\/en\/wp-json\/wp\/v2\/posts"}],"about":[{"href":"https:\/\/portalpopmais.com.br\/en\/wp-json\/wp\/v2\/types\/post"}],"author":[{"embeddable":true,"href":"https:\/\/portalpopmais.com.br\/en\/wp-json\/wp\/v2\/users\/2"}],"replies":[{"embeddable":true,"href":"https:\/\/portalpopmais.com.br\/en\/wp-json\/wp\/v2\/comments?post=34718"}],"version-history":[{"count":0,"href":"https:\/\/portalpopmais.com.br\/en\/wp-json\/wp\/v2\/posts\/34718\/revisions"}],"wp:featuredmedia":[{"embeddable":true,"href":"https:\/\/portalpopmais.com.br\/en\/wp-json\/"}],"wp:attachment":[{"href":"https:\/\/portalpopmais.com.br\/en\/wp-json\/wp\/v2\/media?parent=34718"}],"wp:term":[{"taxonomy":"category","embeddable":true,"href":"https:\/\/portalpopmais.com.br\/en\/wp-json\/wp\/v2\/categories?post=34718"},{"taxonomy":"post_tag","embeddable":true,"href":"https:\/\/portalpopmais.com.br\/en\/wp-json\/wp\/v2\/tags?post=34718"}],"curies":[{"name":"wp","href":"https:\/\/api.w.org\/{rel}","templated":true}]}}