{"id":34920,"date":"2019-10-02T11:59:27","date_gmt":"2019-10-02T14:59:27","guid":{"rendered":"http:\/\/popmais.com.br\/?p=34920"},"modified":"2020-11-22T10:42:47","modified_gmt":"2020-11-22T13:42:47","slug":"cleo-on-demand-cleo-comemora-aniversario-com-lancamento-de-projeto-audiovisual","status":"publish","type":"post","link":"https:\/\/portalpopmais.com.br\/en\/cleo-on-demand-cleo-comemora-aniversario-com-lancamento-de-projeto-audiovisual\/","title":{"rendered":"\u201cCleo On Demand\u201d: Cleo comemora anivers\u00e1rio com lan\u00e7amento de projeto audiovisual"},"content":{"rendered":"<p>A atriz e cantora <strong>Cleo<\/strong> realizou ontem(01\/10), no Cine Odeon (Rio de Janeiro), uma coletiva de imprensa e pr\u00e9-estreia para falar sobre a estreia do projeto audiovisual \u201cCleo On Demand\u201d, no qual assina como produtora executiva e idealizadora.<\/p>\n<p>O intuito \u00e9 dar espa\u00e7o e criar incentivos para projetos que possuem uma tem\u00e1tica social relevante por tr\u00e1s. Ser\u00e3o dois conte\u00fados disponibilizados no dia 02 de outubro, a s\u00e9rie \u201c#OndeEst\u00e1Mariana?\u201d, que fala sobre a cultura do feminic\u00eddio no Brasil e as faces do machismo, e o quadro \u201cExpress\u00e3o\u201d, com o artista pl\u00e1stico Romulo DeuCria, no qual atrav\u00e9s da customiza\u00e7\u00e3o de roupas ressignifica a pe\u00e7a dos artistas convidados.<\/p>\n<p>J\u00e1 no dia 15 de outubro, ser\u00e1 disponibilizado a anima\u00e7\u00e3o \u201cD.I.V.A.\u201d, feita por Felipe Serafim, que traz Cleo, Pepita e MC Rebecca unindo for\u00e7as contra a homofobia e feminicidio.<\/p>\n<p>A coletiva ainda contou com a presen\u00e7a das cantoras, Tati Quebra Barraco, Negra Li, al\u00e9m de <strong>King<\/strong> e\u00a0<strong>Valesca<\/strong>, estas duas \u00faltimas tamb\u00e9m fazem parte do elenco.<\/p>\n<p>Confiras as fotos do evento:<\/p>\n\n<p>&nbsp;<\/p>","protected":false},"excerpt":{"rendered":"<p>A atriz e cantora Cleo realizou ontem(01\/10), no Cine Odeon (Rio de Janeiro), uma coletiva de imprensa e pr\u00e9-estreia para falar sobre a estreia do projeto audiovisual \u201cCleo On Demand\u201d, no qual assina como produtora executiva e idealizadora. O intuito \u00e9 dar espa\u00e7o e criar incentivos para projetos que possuem uma tem\u00e1tica social relevante por [&hellip;]<\/p>\n","protected":false},"author":2,"featured_media":34922,"comment_status":"closed","ping_status":"open","sticky":false,"template":"","format":"gallery","meta":{"footnotes":""},"categories":[173,174],"tags":[367,6995],"class_list":["post-34920","post","type-post","status-publish","format-gallery","has-post-thumbnail","hentry","category-celebridades","category-filmes-series","tag-cleo","tag-cleo-on-demand","post_format-post-format-gallery"],"_links":{"self":[{"href":"https:\/\/portalpopmais.com.br\/en\/wp-json\/wp\/v2\/posts\/34920","targetHints":{"allow":["GET"]}}],"collection":[{"href":"https:\/\/portalpopmais.com.br\/en\/wp-json\/wp\/v2\/posts"}],"about":[{"href":"https:\/\/portalpopmais.com.br\/en\/wp-json\/wp\/v2\/types\/post"}],"author":[{"embeddable":true,"href":"https:\/\/portalpopmais.com.br\/en\/wp-json\/wp\/v2\/users\/2"}],"replies":[{"embeddable":true,"href":"https:\/\/portalpopmais.com.br\/en\/wp-json\/wp\/v2\/comments?post=34920"}],"version-history":[{"count":0,"href":"https:\/\/portalpopmais.com.br\/en\/wp-json\/wp\/v2\/posts\/34920\/revisions"}],"wp:featuredmedia":[{"embeddable":true,"href":"https:\/\/portalpopmais.com.br\/en\/wp-json\/"}],"wp:attachment":[{"href":"https:\/\/portalpopmais.com.br\/en\/wp-json\/wp\/v2\/media?parent=34920"}],"wp:term":[{"taxonomy":"category","embeddable":true,"href":"https:\/\/portalpopmais.com.br\/en\/wp-json\/wp\/v2\/categories?post=34920"},{"taxonomy":"post_tag","embeddable":true,"href":"https:\/\/portalpopmais.com.br\/en\/wp-json\/wp\/v2\/tags?post=34920"}],"curies":[{"name":"wp","href":"https:\/\/api.w.org\/{rel}","templated":true}]}}