{"id":34965,"date":"2019-10-02T15:08:47","date_gmt":"2019-10-02T18:08:47","guid":{"rendered":"http:\/\/popmais.com.br\/?p=34965"},"modified":"2019-10-02T15:08:47","modified_gmt":"2019-10-02T18:08:47","slug":"rockinrio2019-panic-at-the-disco-ja-esta-no-brasil","status":"publish","type":"post","link":"https:\/\/portalpopmais.com.br\/en\/rockinrio2019-panic-at-the-disco-ja-esta-no-brasil\/","title":{"rendered":"#RockinRio2019 | Panic! At The Disco j\u00e1 est\u00e1 no Brasil"},"content":{"rendered":"<p>Pen\u00faltima atra\u00e7\u00e3o a subir no <strong>Palco Mundo<\/strong> nesta quinta-feira (03\/10), no Rock in Rio, os meninos do <strong>Panic! At The Disco<\/strong> chegaram na manh\u00e3 de hoje (02\/10) ao Brasil.<\/p>\n<p>V\u00e1rios f\u00e3s passaram a madrugada no aeroporto do Rio, aguardando a confirma\u00e7\u00e3o do desembarque, e na esperan\u00e7a de conseguir um momento com os \u00eddolos.<\/p>\n<p>Eles n\u00e3o pararam para tirar fotos, mas um grito do vocalista <strong>Brendon Urie<\/strong>, dizendo <em>&#8220;Eu Te Amo&#8221;<\/em>, fez valer a espera.<\/p>\n<blockquote class=\"twitter-tweet\" data-width=\"550\" data-dnt=\"true\">\n<p lang=\"pt\" dir=\"ltr\">CHEGARAM!!!! PANIC NO BRASIL \u00c9 REAL <a href=\"https:\/\/twitter.com\/hashtag\/WELCOMETOBRPANIC?src=hash&amp;ref_src=twsrc%5Etfw\" target=\"_blank\" rel=\"noopener\">#WELCOMETOBRPANIC<\/a> <a href=\"https:\/\/t.co\/FqwC8ko8LD\">pic.twitter.com\/FqwC8ko8LD<\/a><\/p>\n<p>&mdash; Panic! in Brasil (@PanicInBrasil) <a href=\"https:\/\/twitter.com\/PanicInBrasil\/status\/1179391830200377345?ref_src=twsrc%5Etfw\" target=\"_blank\" rel=\"noopener\">October 2, 2019<\/a><\/p><\/blockquote>\n<p><script async src=\"https:\/\/platform.twitter.com\/widgets.js\" charset=\"utf-8\"><\/script><\/p>\n<p>O show de amanh\u00e3 ser\u00e1 o \u00fanico que eles far\u00e3o no pa\u00eds com a turn\u00ea do \u00e1lbum &#8220;Pray For The Wicked&#8221;. A \u00faltima vez que eles passaram por terras verde-amarelas foi em 2014.<\/p>","protected":false},"excerpt":{"rendered":"<p>Pen\u00faltima atra\u00e7\u00e3o a subir no Palco Mundo nesta quinta-feira (03\/10), no Rock in Rio, os meninos do Panic! At The Disco chegaram na manh\u00e3 de hoje (02\/10) ao Brasil. V\u00e1rios f\u00e3s passaram a madrugada no aeroporto do Rio, aguardando a confirma\u00e7\u00e3o do desembarque, e na esperan\u00e7a de conseguir um momento com os \u00eddolos. Eles n\u00e3o [&hellip;]<\/p>\n","protected":false},"author":2,"featured_media":34966,"comment_status":"closed","ping_status":"open","sticky":false,"template":"","format":"standard","meta":{"footnotes":""},"categories":[1],"tags":[7000,7001],"class_list":["post-34965","post","type-post","status-publish","format-standard","has-post-thumbnail","hentry","category-fire2","tag-brendon-urie","tag-panic-at-the-disco"],"_links":{"self":[{"href":"https:\/\/portalpopmais.com.br\/en\/wp-json\/wp\/v2\/posts\/34965","targetHints":{"allow":["GET"]}}],"collection":[{"href":"https:\/\/portalpopmais.com.br\/en\/wp-json\/wp\/v2\/posts"}],"about":[{"href":"https:\/\/portalpopmais.com.br\/en\/wp-json\/wp\/v2\/types\/post"}],"author":[{"embeddable":true,"href":"https:\/\/portalpopmais.com.br\/en\/wp-json\/wp\/v2\/users\/2"}],"replies":[{"embeddable":true,"href":"https:\/\/portalpopmais.com.br\/en\/wp-json\/wp\/v2\/comments?post=34965"}],"version-history":[{"count":0,"href":"https:\/\/portalpopmais.com.br\/en\/wp-json\/wp\/v2\/posts\/34965\/revisions"}],"wp:featuredmedia":[{"embeddable":true,"href":"https:\/\/portalpopmais.com.br\/en\/wp-json\/"}],"wp:attachment":[{"href":"https:\/\/portalpopmais.com.br\/en\/wp-json\/wp\/v2\/media?parent=34965"}],"wp:term":[{"taxonomy":"category","embeddable":true,"href":"https:\/\/portalpopmais.com.br\/en\/wp-json\/wp\/v2\/categories?post=34965"},{"taxonomy":"post_tag","embeddable":true,"href":"https:\/\/portalpopmais.com.br\/en\/wp-json\/wp\/v2\/tags?post=34965"}],"curies":[{"name":"wp","href":"https:\/\/api.w.org\/{rel}","templated":true}]}}