{"id":35063,"date":"2019-10-04T00:17:24","date_gmt":"2019-10-04T03:17:24","guid":{"rendered":"http:\/\/popmais.com.br\/?p=35063"},"modified":"2019-10-04T00:17:24","modified_gmt":"2019-10-04T03:17:24","slug":"camila-cabello-sobre-sobre-superar-o-fim-de-um-relacionamento-na-inedita-cry-for-me","status":"publish","type":"post","link":"https:\/\/portalpopmais.com.br\/en\/camila-cabello-sobre-sobre-superar-o-fim-de-um-relacionamento-na-inedita-cry-for-me\/","title":{"rendered":"Camila Cabello canta sobre superar o fim de um relacionamento na in\u00e9dita &#8220;Cry For Me&#8221;"},"content":{"rendered":"<p><strong>Camila Cabello<\/strong> liberou mais uma faixa do seu novo disco nesta sexta-feira (04\/10). Intitulada <em>&#8220;Cry For Me&#8221;<\/em>, a faixa fala sobre quando o seu ex segue em frente primeiro do que voc\u00ea, ap\u00f3s o t\u00e9rmino do relacionamento, e os sentimentos que isso provoca.<\/p>\n<p><em>\u201cComo eu disse, pretendo lan\u00e7ar um monte de m\u00fasicas novas nos pr\u00f3ximos meses antes do meu novo \u00e1lbum, essa m\u00fasica \u00e9 uma das minhas favoritas. Eu acho que todo mundo j\u00e1 sentiu isso em um ponto ou outro, quando seu ex se move mais r\u00e1pido do que voc\u00ea e, claro, voc\u00ea quer que eles sejam felizes, mas apenas \u2026 n\u00e3o t\u00e3o r\u00e1pido. Nesta sexta eu estarei lan\u00e7ando \u2018Cry\u00a0 For Me&#8217;\u201d,<\/em>\u00a0escreveu ela no Instagram.<\/p>\n<p>Escute:<\/p>\n<p><iframe loading=\"lazy\" title=\"Cry for Me\" width=\"880\" height=\"660\" src=\"https:\/\/www.youtube.com\/embed\/BvMin7OGL0A?feature=oembed\" frameborder=\"0\" allow=\"accelerometer; autoplay; encrypted-media; gyroscope; picture-in-picture\" allowfullscreen><\/iframe><\/p>","protected":false},"excerpt":{"rendered":"<p>Camila Cabello liberou mais uma faixa do seu novo disco nesta sexta-feira (04\/10). Intitulada &#8220;Cry For Me&#8221;, a faixa fala sobre quando o seu ex segue em frente primeiro do que voc\u00ea, ap\u00f3s o t\u00e9rmino do relacionamento, e os sentimentos que isso provoca. \u201cComo eu disse, pretendo lan\u00e7ar um monte de m\u00fasicas novas nos pr\u00f3ximos [&hellip;]<\/p>\n","protected":false},"author":2,"featured_media":35064,"comment_status":"open","ping_status":"open","sticky":false,"template":"","format":"standard","meta":{"footnotes":""},"categories":[154],"tags":[311],"class_list":["post-35063","post","type-post","status-publish","format-standard","has-post-thumbnail","hentry","category-musica","tag-camila-cabello"],"_links":{"self":[{"href":"https:\/\/portalpopmais.com.br\/en\/wp-json\/wp\/v2\/posts\/35063","targetHints":{"allow":["GET"]}}],"collection":[{"href":"https:\/\/portalpopmais.com.br\/en\/wp-json\/wp\/v2\/posts"}],"about":[{"href":"https:\/\/portalpopmais.com.br\/en\/wp-json\/wp\/v2\/types\/post"}],"author":[{"embeddable":true,"href":"https:\/\/portalpopmais.com.br\/en\/wp-json\/wp\/v2\/users\/2"}],"replies":[{"embeddable":true,"href":"https:\/\/portalpopmais.com.br\/en\/wp-json\/wp\/v2\/comments?post=35063"}],"version-history":[{"count":0,"href":"https:\/\/portalpopmais.com.br\/en\/wp-json\/wp\/v2\/posts\/35063\/revisions"}],"wp:attachment":[{"href":"https:\/\/portalpopmais.com.br\/en\/wp-json\/wp\/v2\/media?parent=35063"}],"wp:term":[{"taxonomy":"category","embeddable":true,"href":"https:\/\/portalpopmais.com.br\/en\/wp-json\/wp\/v2\/categories?post=35063"},{"taxonomy":"post_tag","embeddable":true,"href":"https:\/\/portalpopmais.com.br\/en\/wp-json\/wp\/v2\/tags?post=35063"}],"curies":[{"name":"wp","href":"https:\/\/api.w.org\/{rel}","templated":true}]}}