{"id":35231,"date":"2019-10-05T12:14:38","date_gmt":"2019-10-05T15:14:38","guid":{"rendered":"http:\/\/popmais.com.br\/?p=35231"},"modified":"2019-10-05T12:14:38","modified_gmt":"2019-10-05T15:14:38","slug":"rockinrio2019-com-estreia-de-anitta-no-palco-mundo-veja-os-horarios-deste-sabado","status":"publish","type":"post","link":"https:\/\/portalpopmais.com.br\/en\/rockinrio2019-com-estreia-de-anitta-no-palco-mundo-veja-os-horarios-deste-sabado\/","title":{"rendered":"#RockinRio2019 | Com estreia de Anitta no Palco Mundo, veja os hor\u00e1rios deste s\u00e1bado"},"content":{"rendered":"<p>Hoje \u00e9 um dos dias mais esperados desta edi\u00e7\u00e3o! Se trata da estreia de Anitta no Palco Mundo do festival no Brasil.\u00a0Al\u00e9m disso, tamb\u00e9m ser\u00e1 a primeira apresenta\u00e7\u00e3o da P!nk no Brasil.<\/p>\n<p>Confira os hor\u00e1rios de hoje:<\/p>\n<p>#PalcoMundo<\/p>\n<p>18h &#8211; Anitta<br \/>\n20h10 &#8211; H.E.R.<br \/>\n22h20 &#8211; Black Eyed Peas<br \/>\n0h10 &#8211; P!nk<\/p>\n<p>#PalcoSunset<\/p>\n<p>15h30 &#8211; Funk Orquestra com Ludmilla, Fernanda Abreu &amp; Buchecha<br \/>\n16h55 &#8211; Projota &amp; Vit\u00e3o &amp; Giulia Be<br \/>\n19h05 &#8211; Anavit\u00f3ria &amp; Saulo<br \/>\n21h15 &#8211; Charlie Puth<\/p>\n<p>#NewDanceOrder<\/p>\n<p>16h &#8211; Baile do Saddam (Saddam &amp; Zedoroque)<br \/>\n17h30 &#8211; Rodrigo S<br \/>\n18h30 &#8211; Scorsi<br \/>\n19h30 &#8211; 2FAB<br \/>\n20h30 &#8211; Tropkillaz<br \/>\n22h &#8211; DJ Meme x DJ Marlboro<br \/>\n23h15 &#8211; Jetlag<br \/>\n0h30 &#8211; Shapeless<br \/>\n1h30 &#8211; Santti<br \/>\n2h30 &#8211; Alesso<\/p>\n<p>#Espa\u00e7oFavela<\/p>\n<p>14h50: N\u00f3s do Morro<br \/>\n16h: Lucas Hawkin<br \/>\n17h30: Jonathan Ferr<br \/>\n19h: Orquestra Mar\u00e9 do Amanh\u00e3<br \/>\n20h30: Cidinho e Doca<br \/>\n22h: Baile do N\u00f3s do Morro<\/p>","protected":false},"excerpt":{"rendered":"<p>Hoje \u00e9 um dos dias mais esperados desta edi\u00e7\u00e3o! Se trata da estreia de Anitta no Palco Mundo do festival no Brasil.\u00a0Al\u00e9m disso, tamb\u00e9m ser\u00e1 a primeira apresenta\u00e7\u00e3o da P!nk no Brasil. Confira os hor\u00e1rios de hoje: #PalcoMundo 18h &#8211; Anitta 20h10 &#8211; H.E.R. 22h20 &#8211; Black Eyed Peas 0h10 &#8211; P!nk #PalcoSunset 15h30 &#8211; [&hellip;]<\/p>\n","protected":false},"author":2,"featured_media":35236,"comment_status":"open","ping_status":"open","sticky":false,"template":"","format":"standard","meta":{"footnotes":""},"categories":[1],"tags":[167,434],"class_list":["post-35231","post","type-post","status-publish","format-standard","has-post-thumbnail","hentry","category-fire2","tag-anitta","tag-rock-in-rio"],"_links":{"self":[{"href":"https:\/\/portalpopmais.com.br\/en\/wp-json\/wp\/v2\/posts\/35231","targetHints":{"allow":["GET"]}}],"collection":[{"href":"https:\/\/portalpopmais.com.br\/en\/wp-json\/wp\/v2\/posts"}],"about":[{"href":"https:\/\/portalpopmais.com.br\/en\/wp-json\/wp\/v2\/types\/post"}],"author":[{"embeddable":true,"href":"https:\/\/portalpopmais.com.br\/en\/wp-json\/wp\/v2\/users\/2"}],"replies":[{"embeddable":true,"href":"https:\/\/portalpopmais.com.br\/en\/wp-json\/wp\/v2\/comments?post=35231"}],"version-history":[{"count":0,"href":"https:\/\/portalpopmais.com.br\/en\/wp-json\/wp\/v2\/posts\/35231\/revisions"}],"wp:featuredmedia":[{"embeddable":true,"href":"https:\/\/portalpopmais.com.br\/en\/wp-json\/"}],"wp:attachment":[{"href":"https:\/\/portalpopmais.com.br\/en\/wp-json\/wp\/v2\/media?parent=35231"}],"wp:term":[{"taxonomy":"category","embeddable":true,"href":"https:\/\/portalpopmais.com.br\/en\/wp-json\/wp\/v2\/categories?post=35231"},{"taxonomy":"post_tag","embeddable":true,"href":"https:\/\/portalpopmais.com.br\/en\/wp-json\/wp\/v2\/tags?post=35231"}],"curies":[{"name":"wp","href":"https:\/\/api.w.org\/{rel}","templated":true}]}}