{"id":35672,"date":"2019-10-10T22:17:42","date_gmt":"2019-10-11T01:17:42","guid":{"rendered":"http:\/\/popmais.com.br\/?p=35672"},"modified":"2019-10-10T22:17:42","modified_gmt":"2019-10-11T01:17:42","slug":"mc-soffia-lanca-clipe-cheio-de-empoderamento-e-representatividade","status":"publish","type":"post","link":"https:\/\/portalpopmais.com.br\/en\/mc-soffia-lanca-clipe-cheio-de-empoderamento-e-representatividade\/","title":{"rendered":"MC Soffia lan\u00e7a clipe cheio de empoderamento e representatividade"},"content":{"rendered":"<p>Abra espa\u00e7o que\u00a0\u00a0<strong>MC Soffia<\/strong>\u00a0est\u00e1\u00a0chegando\u00a0com tudo com seu novo v\u00eddeo para a m\u00fasica\u00a0<strong>\u201cPassinho das Malokas\u201d<\/strong>.<\/p>\n<p>Surgido dentro da cultura funk, o <em>\u201cPassinho dos Malokas\u201d<\/em> \u00e9 um movimento cultural conhecido por ser majoritariamente masculino e, por isso, a rapper de 15 anos desconstr\u00f3i esse cen\u00e1rio e leva as meninas para o centro da \u201croda\u201d, enquanto debate a import\u00e2ncia da negritude, por meio da dan\u00e7a e do visual.<\/p>\n<p>Gravado em um parque de S\u00e3o Paulo (SP), o videoclipe \u00e9 dirigido por Bruno Leandro, da Guetto Life Films, e traz o batid\u00e3o dos bailes, misturado com refer\u00eancias do pop e hip hop. A m\u00fasica \u00e9 parte do primeiro EP de MC Soffia, intitulado \u201cSoffisticada\u201d, que d\u00e1 visibilidade para temas como o empoderamento feminino, autoestima e igualdade racial.<\/p>\n<p>Assista:<\/p>\n<p><iframe loading=\"lazy\" title=\"MC Soffia - Passinho das Malokas (Clipe Oficial)\" width=\"880\" height=\"495\" src=\"https:\/\/www.youtube.com\/embed\/netYzqwYJNc?feature=oembed\" frameborder=\"0\" allow=\"accelerometer; autoplay; encrypted-media; gyroscope; picture-in-picture\" allowfullscreen><\/iframe><\/p>\n<p>Refer\u00eancia para outras garotas negras, MC Soffia come\u00e7a, no dia 12 de outubro, sua agenda de shows com duas apresenta\u00e7\u00f5es gratuitas na Zona Leste. \u00c0s 14h, a rapper\u00a0<em>teen<\/em>\u00a0estar\u00e1 na Viela Osvaldo Rusar, s\/n, em frente ao Ceu S\u00e3o Rafael e, \u00e0s 17h, se apresenta na Pra\u00e7a Tomazina de Gregorio Listo, s\/n, no bairro de S\u00e3o Matheus.<\/p>\n<p><strong>Sobre a MC\u00a0Soffia<\/strong><\/p>\n<p>Soffia\u00a0Gomes da Rocha Greg\u00f3rio Correia, mais conhecida como MC\u00a0Soffia, \u00e9 uma rapper, cantora e compositora brasileira. \u00c9 conhecida pelas letras de suas can\u00e7\u00f5es, que falam sobre distor\u00e7\u00f5es sociais graves, como preconceito, racismo, machismo e que incentivam outras garotas a se amarem do jeito que s\u00e3o. Come\u00e7ou a sua carreira aos seis anos, logo ap\u00f3s participar do projeto &#8220;O Futuro do Hip Hop&#8221; e j\u00e1 atingiu milh\u00f5es de visualiza\u00e7\u00f5es no YouTube com can\u00e7\u00f5es como Menina Pretinha (2016), Minha Rapunzel tem Dread (2016) e Barbie Black (2018).<\/p>\n<p>Hoje, com 15, gosta de produzir sons contestadores sobre paradigmas sociais. Para ela, nascida e criada na periferia de S\u00e3o Paulo (SP), o rap significa &#8220;m\u00fasica de for\u00e7a e resist\u00eancia&#8221;. A rapper j\u00e1 se apresentou em grandes eventos, como a Virada Cultural de S\u00e3o Paulo e o Festival Afro-Latinidades, em Bras\u00edlia.\u00a0Ao lado do ator Jean Paulo Campos, a artista foi uma das dez estrelas mirins do Dancing Brasil Junior, apresentado por Xuxa Meneghel, na Record TV, em dezembro de 2018.<\/p>\n<p>O trabalho da rapper paulistana foi reconhecido internacionalmente por contribuir para melhorar a vida das pessoas de todo o mundo.\u00a0MC\u00a0Soffia\u00a0foi convidada a integrando um grupo de 52 jovens ativistas retratadas na publica\u00e7\u00e3o inglesa \u201cResisters: 52 Young Women Making Herstory Right Now\u201d, da jornalista\u00a0Lauren Sharkey,\u00a0lan\u00e7ada em fevereiro de 2019.\u00a0Em agosto, durante o 47\u00ba Festival de Cinema de Gramado (RS), MC\u00a0Soffia\u00a0fez sua estreia no cinema, com o filme O Homem Cordial, dirigido por Iber\u00ea Carvalho, com Paulo Miklos e o rapper Tha\u00edde no elenco. Em setembro, a artista encerra o lan\u00e7amento do seu primeiro EP, \u201cSoffisticada\u201d. O compacto, produzido de forma independente, \u00e9 formado por cinco m\u00fasicas in\u00e9ditas,\u00a0das quais, MC Soffia assina a letra e a m\u00fasica, sendo uma delas em parceria com o produtor Lucas Spike (Recayd Mob).<\/p>","protected":false},"excerpt":{"rendered":"<p>Abra espa\u00e7o que\u00a0\u00a0MC Soffia\u00a0est\u00e1\u00a0chegando\u00a0com tudo com seu novo v\u00eddeo para a m\u00fasica\u00a0\u201cPassinho das Malokas\u201d. Surgido dentro da cultura funk, o \u201cPassinho dos Malokas\u201d \u00e9 um movimento cultural conhecido por ser majoritariamente masculino e, por isso, a rapper de 15 anos desconstr\u00f3i esse cen\u00e1rio e leva as meninas para o centro da \u201croda\u201d, enquanto debate a [&hellip;]<\/p>\n","protected":false},"author":2,"featured_media":35673,"comment_status":"open","ping_status":"open","sticky":false,"template":"","format":"video","meta":{"footnotes":""},"categories":[154],"tags":[3407],"class_list":["post-35672","post","type-post","status-publish","format-video","has-post-thumbnail","hentry","category-musica","tag-mc-soffia","post_format-post-format-video"],"_links":{"self":[{"href":"https:\/\/portalpopmais.com.br\/en\/wp-json\/wp\/v2\/posts\/35672","targetHints":{"allow":["GET"]}}],"collection":[{"href":"https:\/\/portalpopmais.com.br\/en\/wp-json\/wp\/v2\/posts"}],"about":[{"href":"https:\/\/portalpopmais.com.br\/en\/wp-json\/wp\/v2\/types\/post"}],"author":[{"embeddable":true,"href":"https:\/\/portalpopmais.com.br\/en\/wp-json\/wp\/v2\/users\/2"}],"replies":[{"embeddable":true,"href":"https:\/\/portalpopmais.com.br\/en\/wp-json\/wp\/v2\/comments?post=35672"}],"version-history":[{"count":0,"href":"https:\/\/portalpopmais.com.br\/en\/wp-json\/wp\/v2\/posts\/35672\/revisions"}],"wp:featuredmedia":[{"embeddable":true,"href":"https:\/\/portalpopmais.com.br\/en\/wp-json\/"}],"wp:attachment":[{"href":"https:\/\/portalpopmais.com.br\/en\/wp-json\/wp\/v2\/media?parent=35672"}],"wp:term":[{"taxonomy":"category","embeddable":true,"href":"https:\/\/portalpopmais.com.br\/en\/wp-json\/wp\/v2\/categories?post=35672"},{"taxonomy":"post_tag","embeddable":true,"href":"https:\/\/portalpopmais.com.br\/en\/wp-json\/wp\/v2\/tags?post=35672"}],"curies":[{"name":"wp","href":"https:\/\/api.w.org\/{rel}","templated":true}]}}