{"id":45258,"date":"2020-02-20T10:19:17","date_gmt":"2020-02-20T13:19:17","guid":{"rendered":"https:\/\/popmais.com.br\/?p=45258"},"modified":"2020-02-20T10:19:17","modified_gmt":"2020-02-20T13:19:17","slug":"young-the-giant-anuncia-show-no-brasil-em-maio","status":"publish","type":"post","link":"https:\/\/portalpopmais.com.br\/en\/young-the-giant-anuncia-show-no-brasil-em-maio\/","title":{"rendered":"Young the Giant anuncia show no Brasil em Maio"},"content":{"rendered":"<p>Uma das mais celebradas bandas de pop\/indie rock da atualidade, a\u00a0<strong>Young the Giant<\/strong>\u00a0conquistou a cr\u00edtica e o p\u00fablico de todo o mundo com um som multicultural, influenciado pela ascend\u00eancia dos membros do grupo, oriundos de fam\u00edlias indiana, brit\u00e2nica, persa, franco-canadense e italiana.<\/p>\n<p>Elogiada pelo p\u00fablico onde se apresenta pelo mundo afora e contando com f\u00e3s ardorosos como Morrisey, ex -The Smiths, a banda norte-americana \u00e9 quase uma unanimidade com seu rock livre, bastante pop, o tipo de m\u00fasica que faz todo mundo querer dan\u00e7ar e cantar junto.<\/p>\n<p>Sua nova turn\u00ea,\u00a0<em>Master Mirror World Tour<\/em>, chega a S\u00e3o Paulo para apresenta\u00e7\u00e3o \u00fanica na\u00a0<strong>Audio<\/strong>, no dia\u00a0<strong>23 de maio. <\/strong>Os ingressos estar\u00e3o dispon\u00edveis a partir de <strong>5 de mar\u00e7o<\/strong>\u00a0em\u00a0<a href=\"http:\/\/www.livepass.com.br\/\" target=\"_blank\" rel=\"noopener\">livepass.com.br<\/a>.<\/p>\n<p><iframe loading=\"lazy\" title=\"Young the Giant: Cough Syrup [OFFICIAL VIDEO]\" width=\"880\" height=\"495\" src=\"https:\/\/www.youtube.com\/embed\/UAsTlnjvetI?feature=oembed\" frameborder=\"0\" allow=\"accelerometer; autoplay; encrypted-media; gyroscope; picture-in-picture\" allowfullscreen><\/iframe><\/p>\n<p>Surgida em 2004, o\u00a0<strong>Young The Giant<\/strong>\u00a0\u00e9 formada por Sameer Gadhia (vocal e percuss\u00e3o auxiliar), Jacob Tilley (guitarra), Eric Cannata (guitarras), Payam Doostzadeh (baixo), e Fran\u00e7ois Comtois (bateria).<\/p>\n<p>Em 2014, lan\u00e7aram\u00a0<em>Mind over Matter<\/em>, que mereceu cr\u00edtica elogiosa do New York Times, e que emplacou v\u00e1rios sucessos, entre eles, \u201cIt\u2019s About Time\u201d e \u201cCrystallized\u201d.\u00a0<em>Home of the Strange<\/em>\u00a0foi o terceiro \u00e1lbum do grupo, lan\u00e7ado em 2016, tendo\u00a0<em>singles\u00a0<\/em>como \u201cAmerika\u201d e \u201cSomething to Believe In\u201d e levou a banda a uma extensa turn\u00ea, iniciada pela costa oeste dos Estados Unidos.<\/p>\n<p>Em 2018, a banda lan\u00e7ou quatro\u00a0\u00a0<em>singles<\/em>\u00a0de seu novo \u00e1lbum, \u201cSimplify\u201d, \u201cSuperposition\u201d, que permaneceu v\u00e1rias semanas no topo da Billboard Chart de m\u00fasicas alternativas, \u201cHeat of the Summer\u201d, que se tornou um dos maiores sucessos da banda, e \u201cCall Me Back\u201d, a quarta m\u00fasica e o \u00faltimo lan\u00e7amento antes da chegada do \u00e1lbum,\u00a0<em>Mirror Master<\/em>, em outubro de 2018 pela Elektra Records.<\/p>\n<h2>Servi\u00e7o<\/h2>\n<p><strong>DATA:<\/strong><br \/>\n23 de maio<\/p>\n<p><strong>LOCAL:<\/strong><br \/>\nAudio (Av. Francisco Matarazzo, 694 &#8211; Barra Funda, S\u00e3o Paulo &#8211; SP)<\/p>\n<p><strong>HOR\u00c1RIO:<\/strong><br \/>\nA confirmar<\/p>\n<p><strong>CLASSIFICA\u00c7\u00c3O:<\/strong><br \/>\n16 anos.Menores de 16 anos entram somente acompanhados dos pais ou respons\u00e1veis legais.<\/p>\n<p><strong>MAIS INFORMA\u00c7\u00d5ES:<\/strong><\/p>\n<h4><strong>Setores e pre\u00e7os:\u00a0<\/strong><\/h4>\n<ul>\n<li><strong>Pista (lote 1):<\/strong>\u00a0R$ 180,00 (inteira) | R$ 90,00 (meia-entrada)<\/li>\n<li><strong>Camarote:<\/strong>\u00a0R$ 220,00 (inteira) | R$ 110,00 (meia-entrada)<\/li>\n<\/ul>\n<p><strong>VENDA PARA O P\u00daBLICO GERAL:<\/strong>\u00a0a partir de quinta-feira, 05 de mar\u00e7o, ao meio-dia (12h).<\/p>\n<p><strong>CANAL DE VENDAS OFICIAL:<\/strong><a href=\"http:\/\/www.livepass.com.br\/\" target=\"_blank\" rel=\"noopener\">www.livepass.com.br<\/a><\/p>\n","protected":false},"excerpt":{"rendered":"<p>Uma das mais celebradas bandas de pop\/indie rock da atualidade, a\u00a0Young the Giant\u00a0conquistou a cr\u00edtica e o p\u00fablico de todo o mundo com um som multicultural, influenciado pela ascend\u00eancia dos membros do grupo, oriundos de fam\u00edlias indiana, brit\u00e2nica, persa, franco-canadense e italiana. Elogiada pelo p\u00fablico onde se apresenta pelo mundo afora e contando com f\u00e3s [&hellip;]<\/p>\n","protected":false},"author":2,"featured_media":45260,"comment_status":"closed","ping_status":"open","sticky":false,"template":"","format":"standard","meta":{"footnotes":""},"categories":[2215,154],"tags":[4522],"class_list":["post-45258","post","type-post","status-publish","format-standard","has-post-thumbnail","hentry","category-eventos","category-musica","tag-young-the-giant"],"_links":{"self":[{"href":"https:\/\/portalpopmais.com.br\/en\/wp-json\/wp\/v2\/posts\/45258","targetHints":{"allow":["GET"]}}],"collection":[{"href":"https:\/\/portalpopmais.com.br\/en\/wp-json\/wp\/v2\/posts"}],"about":[{"href":"https:\/\/portalpopmais.com.br\/en\/wp-json\/wp\/v2\/types\/post"}],"author":[{"embeddable":true,"href":"https:\/\/portalpopmais.com.br\/en\/wp-json\/wp\/v2\/users\/2"}],"replies":[{"embeddable":true,"href":"https:\/\/portalpopmais.com.br\/en\/wp-json\/wp\/v2\/comments?post=45258"}],"version-history":[{"count":0,"href":"https:\/\/portalpopmais.com.br\/en\/wp-json\/wp\/v2\/posts\/45258\/revisions"}],"wp:featuredmedia":[{"embeddable":true,"href":"https:\/\/portalpopmais.com.br\/en\/wp-json\/"}],"wp:attachment":[{"href":"https:\/\/portalpopmais.com.br\/en\/wp-json\/wp\/v2\/media?parent=45258"}],"wp:term":[{"taxonomy":"category","embeddable":true,"href":"https:\/\/portalpopmais.com.br\/en\/wp-json\/wp\/v2\/categories?post=45258"},{"taxonomy":"post_tag","embeddable":true,"href":"https:\/\/portalpopmais.com.br\/en\/wp-json\/wp\/v2\/tags?post=45258"}],"curies":[{"name":"wp","href":"https:\/\/api.w.org\/{rel}","templated":true}]}}