{"id":47505,"date":"2020-03-17T15:43:48","date_gmt":"2020-03-17T18:43:48","guid":{"rendered":"https:\/\/popmais.com.br\/?p=47505"},"modified":"2020-03-17T15:43:48","modified_gmt":"2020-03-17T18:43:48","slug":"filme-viuva-negra-tem-estreia-adiada-por-conta-do-coronavirus","status":"publish","type":"post","link":"https:\/\/portalpopmais.com.br\/en\/filme-viuva-negra-tem-estreia-adiada-por-conta-do-coronavirus\/","title":{"rendered":"Filme &#8220;Vi\u00fava Negra&#8221; tem estreia adiada por conta do coronav\u00edrus"},"content":{"rendered":"\n<p>De acordo com a <strong>Variety<\/strong>, a estreia do filme <em>&#8220;Vi\u00fava Negra&#8221;<\/em> ser\u00e1 adiada. Com previs\u00e3o de lan\u00e7amento para o dia 30 de abril, o longa ter\u00e1 sua data de lan\u00e7amento alterada, o que ainda n\u00e3o foi oficialmente revelada.<\/p>\n\n\n\n<p>Al\u00e9m do filme estrelado por <strong>Scarlet Johansson<\/strong>, os longas  <em>\u201cMulan\u201d<\/em>,  <em>\u201cEsp\u00edritos Obscuros\u201d<\/em> e  <em>\u201cOs Novos Mutantes\u201d<\/em>, tamb\u00e9m tiveram suas datas de lan\u00e7amento adiadas. <\/p>\n\n\n\n<figure class=\"wp-block-embed-youtube wp-block-embed is-type-video is-provider-youtube wp-embed-aspect-16-9 wp-has-aspect-ratio\"><div class=\"wp-block-embed__wrapper\">\n<iframe loading=\"lazy\" title=\"Vi\u00fava Negra da Marvel Studios | Trailer Oficial #2 [Legendado]\" width=\"880\" height=\"495\" src=\"https:\/\/www.youtube.com\/embed\/dwzJ-oi7BbI?feature=oembed\" frameborder=\"0\" allow=\"accelerometer; autoplay; encrypted-media; gyroscope; picture-in-picture\" allowfullscreen><\/iframe>\n<\/div><\/figure>\n","protected":false},"excerpt":{"rendered":"<p>De acordo com a Variety, a estreia do filme &#8220;Vi\u00fava Negra&#8221; ser\u00e1 adiada. Com previs\u00e3o de lan\u00e7amento para o dia 30 de abril, o longa ter\u00e1 sua data de lan\u00e7amento alterada, o que ainda n\u00e3o foi oficialmente revelada. Al\u00e9m do filme estrelado por Scarlet Johansson, os longas \u201cMulan\u201d, \u201cEsp\u00edritos Obscuros\u201d e \u201cOs Novos Mutantes\u201d, tamb\u00e9m [&hellip;]<\/p>\n","protected":false},"author":7,"featured_media":47507,"comment_status":"closed","ping_status":"open","sticky":false,"template":"","format":"standard","meta":{"footnotes":""},"categories":[174],"tags":[759,2594,2595],"class_list":["post-47505","post","type-post","status-publish","format-standard","has-post-thumbnail","hentry","category-filmes-series","tag-marvel","tag-viuva-negra","tag-viuva-negra-marvel"],"_links":{"self":[{"href":"https:\/\/portalpopmais.com.br\/en\/wp-json\/wp\/v2\/posts\/47505","targetHints":{"allow":["GET"]}}],"collection":[{"href":"https:\/\/portalpopmais.com.br\/en\/wp-json\/wp\/v2\/posts"}],"about":[{"href":"https:\/\/portalpopmais.com.br\/en\/wp-json\/wp\/v2\/types\/post"}],"author":[{"embeddable":true,"href":"https:\/\/portalpopmais.com.br\/en\/wp-json\/wp\/v2\/users\/7"}],"replies":[{"embeddable":true,"href":"https:\/\/portalpopmais.com.br\/en\/wp-json\/wp\/v2\/comments?post=47505"}],"version-history":[{"count":0,"href":"https:\/\/portalpopmais.com.br\/en\/wp-json\/wp\/v2\/posts\/47505\/revisions"}],"wp:featuredmedia":[{"embeddable":true,"href":"https:\/\/portalpopmais.com.br\/en\/wp-json\/"}],"wp:attachment":[{"href":"https:\/\/portalpopmais.com.br\/en\/wp-json\/wp\/v2\/media?parent=47505"}],"wp:term":[{"taxonomy":"category","embeddable":true,"href":"https:\/\/portalpopmais.com.br\/en\/wp-json\/wp\/v2\/categories?post=47505"},{"taxonomy":"post_tag","embeddable":true,"href":"https:\/\/portalpopmais.com.br\/en\/wp-json\/wp\/v2\/tags?post=47505"}],"curies":[{"name":"wp","href":"https:\/\/api.w.org\/{rel}","templated":true}]}}