{"id":47587,"date":"2020-03-18T15:24:20","date_gmt":"2020-03-18T18:24:20","guid":{"rendered":"https:\/\/popmais.com.br\/?p=47587"},"modified":"2020-03-18T15:24:20","modified_gmt":"2020-03-18T18:24:20","slug":"dono-da-redetv-exige-plateia-em-seu-programa-mesmo-com-o-surto-de-coronavirus","status":"publish","type":"post","link":"https:\/\/portalpopmais.com.br\/en\/dono-da-redetv-exige-plateia-em-seu-programa-mesmo-com-o-surto-de-coronavirus\/","title":{"rendered":"Dono da RedeTV! exige plateia em seu programa mesmo com o surto de Coronav\u00edrus"},"content":{"rendered":"<p>Em meio a uma das maiores pandemias globais dos \u00faltimos anos. Alguns canais de televis\u00e3o tem adotado estrat\u00e9gias em sua programa\u00e7\u00e3o, para que n\u00e3o haja perigo de contamina\u00e7\u00e3o ao seu p\u00fablico e nem aos seus colaboradores, exemplo disso, \u00e9 a proibi\u00e7\u00e3o de plateias em grava\u00e7\u00f5es de programas de audit\u00f3rio. Esta pr\u00e1tica j\u00e1 foi adotada, at\u00e9 agora, pelas quatro maiores emissoras brasileiras (Globo, RecordTV, SBT e Band). Entretanto, h\u00e1 uma emissora que est\u00e1 resistindo a esses m\u00e9todos de prote\u00e7\u00e3o contra o Coronav\u00edrus, a RedeTV!.<\/p>\n\n\n\n<p>Segundo informa o site Observat\u00f3rio da Televis\u00e3o, Marcelo de Carvalho, um dos donos da emissora paulista, exige que durante a pr\u00f3xima grava\u00e7\u00e3o de seu programa, Mega Senha, haja participa\u00e7\u00e3o de plateia em seu est\u00fadio, mesmo havendo a poss\u00edvel prolifera\u00e7\u00e3o do covid-19 em sua equipe de produ\u00e7\u00e3o.<\/p>\n\n\n\n<p>Ap\u00f3s informar a dire\u00e7\u00e3o do canal,  caravanistas est\u00e3o desesperados para encontrar pessoas que estejam dispon\u00edveis a participar da grava\u00e7\u00e3o do programa de Carvalho. <\/p>\n\n\n\n<p>O ex de Luciana Gimenez ainda imp\u00f5e que se n\u00e3o conseguirem 100% do audit\u00f3rio, pelo menos 50% dos lugares dispon\u00edveis precisam estar preenchidos no dia de grava\u00e7\u00e3o.<\/p>","protected":false},"excerpt":{"rendered":"<p>Em meio a uma das maiores pandemias globais dos \u00faltimos anos. Alguns canais de televis\u00e3o tem adotado estrat\u00e9gias em sua programa\u00e7\u00e3o, para que n\u00e3o haja perigo de contamina\u00e7\u00e3o ao seu p\u00fablico e nem aos seus colaboradores, exemplo disso, \u00e9 a proibi\u00e7\u00e3o de plateias em grava\u00e7\u00f5es de programas de audit\u00f3rio. Esta pr\u00e1tica j\u00e1 foi adotada, at\u00e9 [&hellip;]<\/p>\n","protected":false},"author":3,"featured_media":47591,"comment_status":"closed","ping_status":"open","sticky":false,"template":"","format":"standard","meta":{"footnotes":""},"categories":[181],"tags":[2227],"class_list":["post-47587","post","type-post","status-publish","format-standard","has-post-thumbnail","hentry","category-televisao","tag-rede-tv"],"_links":{"self":[{"href":"https:\/\/portalpopmais.com.br\/en\/wp-json\/wp\/v2\/posts\/47587","targetHints":{"allow":["GET"]}}],"collection":[{"href":"https:\/\/portalpopmais.com.br\/en\/wp-json\/wp\/v2\/posts"}],"about":[{"href":"https:\/\/portalpopmais.com.br\/en\/wp-json\/wp\/v2\/types\/post"}],"author":[{"embeddable":true,"href":"https:\/\/portalpopmais.com.br\/en\/wp-json\/wp\/v2\/users\/3"}],"replies":[{"embeddable":true,"href":"https:\/\/portalpopmais.com.br\/en\/wp-json\/wp\/v2\/comments?post=47587"}],"version-history":[{"count":0,"href":"https:\/\/portalpopmais.com.br\/en\/wp-json\/wp\/v2\/posts\/47587\/revisions"}],"wp:featuredmedia":[{"embeddable":true,"href":"https:\/\/portalpopmais.com.br\/en\/wp-json\/"}],"wp:attachment":[{"href":"https:\/\/portalpopmais.com.br\/en\/wp-json\/wp\/v2\/media?parent=47587"}],"wp:term":[{"taxonomy":"category","embeddable":true,"href":"https:\/\/portalpopmais.com.br\/en\/wp-json\/wp\/v2\/categories?post=47587"},{"taxonomy":"post_tag","embeddable":true,"href":"https:\/\/portalpopmais.com.br\/en\/wp-json\/wp\/v2\/tags?post=47587"}],"curies":[{"name":"wp","href":"https:\/\/api.w.org\/{rel}","templated":true}]}}