{"id":48742,"date":"2020-04-04T19:06:35","date_gmt":"2020-04-04T22:06:35","guid":{"rendered":"https:\/\/popmais.com.br\/?p=48742"},"modified":"2020-04-04T19:06:35","modified_gmt":"2020-04-04T22:06:35","slug":"manu-gavassi-e-a-bbb-que-tratou-mal-anitta-diz-colunista","status":"publish","type":"post","link":"https:\/\/portalpopmais.com.br\/en\/manu-gavassi-e-a-bbb-que-tratou-mal-anitta-diz-colunista\/","title":{"rendered":"Manu Gavassi \u00e9 a &#8216;BBB&#8217; que tratou mal Anitta, diz colunista"},"content":{"rendered":"<p class=\"wp-block-paragraph\">Em meio a pol\u00eamica envolvendo Felipe Prior, <strong>Anitta <\/strong>comentou que uma das participantes do BBB j\u00e1 havia tratado mal no passado. <\/p>\n\n\n\n<p class=\"wp-block-paragraph\">&#8220;\u2026paga de feminista e que todo mundo idolatra, mas que j\u00e1 sentou comigo a mesa e me tratou como um peda\u00e7o de merda porque eu era funkeira e rodada. Ent\u00e3o, cada um com o seu cada qual&#8221;, disparou a carioca no Twitter.<\/p>\n\n\n\n<figure class=\"wp-block-embed-twitter wp-block-embed is-type-rich is-provider-twitter\"><div class=\"wp-block-embed__wrapper\">\n<blockquote class=\"twitter-tweet\" data-width=\"550\" data-dnt=\"true\"><p lang=\"pt\" dir=\"ltr\">Da mesma forma que tem gente do BBB que paga de feminista que todo mundo idolatra mas que ja sentou comigo na mesa e me tratou que nem um peda\u00e7o de merda pq eu era &quot;funkeira e rodada&quot; ent\u00e3o cada um com seu cada qual<\/p>&mdash; Anitta (@Anitta) <a href=\"https:\/\/twitter.com\/Anitta\/status\/1246149230420463629?ref_src=twsrc%5Etfw\" target=\"_blank\" rel=\"noopener\">April 3, 2020<\/a><\/blockquote><script async src=\"https:\/\/platform.twitter.com\/widgets.js\" charset=\"utf-8\"><\/script>\n<\/div><\/figure>\n\n\n\n<p class=\"wp-block-paragraph\">Os internautas apontaram como uma indireta para Manu Gavassi, uma das que levanta a bandeira do feminismo, dentro do reality global. <\/p>\n\n\n\n<p class=\"wp-block-paragraph\">Segundo a colunista F\u00e1bia Oliveira, de fato se trata de Manu. \u201cAli\u00e1s, naquele imbr\u00f3glio envolvendo a Poderosa, Neymar e sua ex de anos no Carnaval de 2019, Manuzinha ficou, claro, do lado da Marquezine e falou muito mal de Anitta nas rodinhas. N\u00e3o por acaso, Anitta torcia para a perman\u00eancia do Prior no pared\u00e3o com a Manu\u201d, escreveu a jornalista.<\/p>\n\n\n\n<p class=\"wp-block-paragraph\">Babado!<\/p>","protected":false},"excerpt":{"rendered":"<p>Em meio a pol\u00eamica envolvendo Felipe Prior, Anitta comentou que uma das participantes do BBB j\u00e1 havia tratado mal no passado. &#8220;\u2026paga de feminista e que todo mundo idolatra, mas que j\u00e1 sentou comigo a mesa e me tratou como um peda\u00e7o de merda porque eu era funkeira e rodada. Ent\u00e3o, cada um com o [&hellip;]<\/p>\n","protected":false},"author":1,"featured_media":48743,"comment_status":"closed","ping_status":"open","sticky":false,"template":"","format":"standard","meta":{"footnotes":""},"categories":[173],"tags":[167,198],"class_list":["post-48742","post","type-post","status-publish","format-standard","has-post-thumbnail","hentry","category-celebridades","tag-anitta","tag-bbb20"],"_links":{"self":[{"href":"https:\/\/portalpopmais.com.br\/en\/wp-json\/wp\/v2\/posts\/48742","targetHints":{"allow":["GET"]}}],"collection":[{"href":"https:\/\/portalpopmais.com.br\/en\/wp-json\/wp\/v2\/posts"}],"about":[{"href":"https:\/\/portalpopmais.com.br\/en\/wp-json\/wp\/v2\/types\/post"}],"author":[{"embeddable":true,"href":"https:\/\/portalpopmais.com.br\/en\/wp-json\/wp\/v2\/users\/1"}],"replies":[{"embeddable":true,"href":"https:\/\/portalpopmais.com.br\/en\/wp-json\/wp\/v2\/comments?post=48742"}],"version-history":[{"count":0,"href":"https:\/\/portalpopmais.com.br\/en\/wp-json\/wp\/v2\/posts\/48742\/revisions"}],"wp:attachment":[{"href":"https:\/\/portalpopmais.com.br\/en\/wp-json\/wp\/v2\/media?parent=48742"}],"wp:term":[{"taxonomy":"category","embeddable":true,"href":"https:\/\/portalpopmais.com.br\/en\/wp-json\/wp\/v2\/categories?post=48742"},{"taxonomy":"post_tag","embeddable":true,"href":"https:\/\/portalpopmais.com.br\/en\/wp-json\/wp\/v2\/tags?post=48742"}],"curies":[{"name":"wp","href":"https:\/\/api.w.org\/{rel}","templated":true}]}}