{"id":48850,"date":"2020-04-06T10:32:29","date_gmt":"2020-04-06T13:32:29","guid":{"rendered":"https:\/\/popmais.com.br\/?p=48850"},"modified":"2020-04-06T10:32:29","modified_gmt":"2020-04-06T13:32:29","slug":"video-mostra-ezra-miller-enforcando-e-derrubando-fa-no-chao","status":"publish","type":"post","link":"https:\/\/portalpopmais.com.br\/en\/video-mostra-ezra-miller-enforcando-e-derrubando-fa-no-chao\/","title":{"rendered":"V\u00eddeo mostra Ezra Miller enforcando e derrubando f\u00e3 no ch\u00e3o"},"content":{"rendered":"<p>O ator <strong>Erza Miller <\/strong>se tornou um dos assuntos mais comentados durante a madrugada desta segunda(06\/4), ap\u00f3s um suposto v\u00eddeo onde ele aparece enforcando uma f\u00e3 passar a circular nas redes sociais.<\/p>\n\n\n\n<p>Na grava\u00e7\u00e3o, o ator al\u00e9m de enforcar, derruba a mulher no ch\u00e3o, puxando-a pelo pesco\u00e7o. Veja abaixo:<\/p>\n\n\n\n<figure class=\"wp-block-embed-twitter wp-block-embed is-type-rich is-provider-twitter\"><div class=\"wp-block-embed__wrapper\">\n<blockquote class=\"twitter-tweet\" data-width=\"550\" data-dnt=\"true\"><p lang=\"pt\" dir=\"ltr\">gente como assim o ezra miller sufocou uma f\u00e3??????<br> <a href=\"https:\/\/t.co\/wI1f7AVAIQ\">pic.twitter.com\/wI1f7AVAIQ<\/a><\/p>&mdash; \u064b (@vogueboss) <a href=\"https:\/\/twitter.com\/vogueboss\/status\/1247055562539446272?ref_src=twsrc%5Etfw\" target=\"_blank\" rel=\"noopener\">April 6, 2020<\/a><\/blockquote><script async src=\"https:\/\/platform.twitter.com\/widgets.js\" charset=\"utf-8\"><\/script>\n<\/div><\/figure>\n\n\n\n<p>Segundo o relato de um amigo da mulher que aparece no v\u00eddeo, Miller e a f\u00e3 haviam concordado em fazer uma &#8220;encena\u00e7\u00e3o&#8221; para as c\u00e2meras, em que ela o desafiaria para uma luta. Mas a f\u00e3 n\u00e3o esperava que Ezra levasse o assunto t\u00e3o a s\u00e9rio. <\/p>\n\n\n\n<p>No Twitter, muitos admiradores do ator se mostraram decepcionados. Veja alguns coment\u00e1rios:<\/p>\n\n\n\n<figure class=\"wp-block-embed-twitter wp-block-embed is-type-rich is-provider-twitter\"><div class=\"wp-block-embed__wrapper\">\n<blockquote class=\"twitter-tweet\" data-width=\"550\" data-dnt=\"true\"><p lang=\"pt\" dir=\"ltr\">Est\u00e1 Miller nos trends?Devem s\u00f3 estar enaltecendo ele \/ EZRA MILLER NOS TRENDS POR TER ENFORCADO E DERRUBADO UMA F\u00c3 <a href=\"https:\/\/t.co\/UIY3xrQyo4\">pic.twitter.com\/UIY3xrQyo4<\/a><\/p>&mdash; reptiliana disfar\u00e7ada de ser humano (@naaihalt) <a href=\"https:\/\/twitter.com\/naaihalt\/status\/1247079879176323072?ref_src=twsrc%5Etfw\" target=\"_blank\" rel=\"noopener\">April 6, 2020<\/a><\/blockquote><script async src=\"https:\/\/platform.twitter.com\/widgets.js\" charset=\"utf-8\"><\/script>\n<\/div><\/figure>\n\n\n\n<figure class=\"wp-block-embed-twitter wp-block-embed is-type-rich is-provider-twitter\"><div class=\"wp-block-embed__wrapper\">\n<blockquote class=\"twitter-tweet\" data-width=\"550\" data-dnt=\"true\"><p lang=\"pt\" dir=\"ltr\">gente eu entrei na tag do ezra miller pensando q as pessoas estavam enaltecendo ele ai eu vejo q ele foi cancelada por enforcar uma f\u00e3 misericordia eu mal acordei velho <a href=\"https:\/\/t.co\/I1sg3NnjyP\">pic.twitter.com\/I1sg3NnjyP<\/a><\/p>&mdash; Carol Semka (@wondercabellos) <a href=\"https:\/\/twitter.com\/wondercabellos\/status\/1247124388647964672?ref_src=twsrc%5Etfw\" target=\"_blank\" rel=\"noopener\">April 6, 2020<\/a><\/blockquote><script async src=\"https:\/\/platform.twitter.com\/widgets.js\" charset=\"utf-8\"><\/script>\n<\/div><\/figure>\n\n\n\n<figure class=\"wp-block-embed-twitter wp-block-embed is-type-rich is-provider-twitter\"><div class=\"wp-block-embed__wrapper\">\n<blockquote class=\"twitter-tweet\" data-width=\"550\" data-dnt=\"true\"><p lang=\"pt\" dir=\"ltr\">gente como assim o ezra miller sufocou uma f\u00e3??????<br> <a href=\"https:\/\/t.co\/wI1f7AVAIQ\">pic.twitter.com\/wI1f7AVAIQ<\/a><\/p>&mdash; \u064b (@vogueboss) <a href=\"https:\/\/twitter.com\/vogueboss\/status\/1247055562539446272?ref_src=twsrc%5Etfw\" target=\"_blank\" rel=\"noopener\">April 6, 2020<\/a><\/blockquote><script async src=\"https:\/\/platform.twitter.com\/widgets.js\" charset=\"utf-8\"><\/script>\n<\/div><\/figure>\n\n\n\n<figure class=\"wp-block-embed-twitter wp-block-embed is-type-rich is-provider-twitter\"><div class=\"wp-block-embed__wrapper\">\n<blockquote class=\"twitter-tweet\" data-width=\"550\" data-dnt=\"true\"><p lang=\"pt\" dir=\"ltr\">depois dessa decep\u00e7\u00e3o do ezra miller eu me sinto tra\u00edda, j\u00e1 n\u00e3o posso mais confiar em ningu\u00e9m <a href=\"https:\/\/t.co\/e0NvfxroRN\">pic.twitter.com\/e0NvfxroRN<\/a><\/p>&mdash; Laris \ud83d\udd78\ufe0f\u2601\ufe0f #LCDP4 SPOILER (@risefinnpoe) <a href=\"https:\/\/twitter.com\/risefinnpoe\/status\/1247069976630042625?ref_src=twsrc%5Etfw\" target=\"_blank\" rel=\"noopener\">April 6, 2020<\/a><\/blockquote><script async src=\"https:\/\/platform.twitter.com\/widgets.js\" charset=\"utf-8\"><\/script>\n<\/div><\/figure>\n\n\n\n<figure class=\"wp-block-embed-twitter wp-block-embed is-type-rich is-provider-twitter\"><div class=\"wp-block-embed__wrapper\">\n<blockquote class=\"twitter-tweet\" data-width=\"550\" data-dnt=\"true\"><p lang=\"pt\" dir=\"ltr\">Ezra Miller nos treds\/ Eu vendo o motivo <a href=\"https:\/\/t.co\/sL5p708Pel\">pic.twitter.com\/sL5p708Pel<\/a><\/p>&mdash; Boo (@euluanagois) <a href=\"https:\/\/twitter.com\/euluanagois\/status\/1247131940584554496?ref_src=twsrc%5Etfw\" target=\"_blank\" rel=\"noopener\">April 6, 2020<\/a><\/blockquote><script async src=\"https:\/\/platform.twitter.com\/widgets.js\" charset=\"utf-8\"><\/script>\n<\/div><\/figure>\n\n\n\n<figure class=\"wp-block-embed-twitter wp-block-embed is-type-rich is-provider-twitter\"><div class=\"wp-block-embed__wrapper\">\n<blockquote class=\"twitter-tweet\" data-width=\"550\" data-dnt=\"true\"><p lang=\"pt\" dir=\"ltr\">Porra, Ezra Miller, pq vc tinha q matar a admira\u00e7\u00e3o q eu tinha por vc <a href=\"https:\/\/t.co\/XdtuSLtggd\">pic.twitter.com\/XdtuSLtggd<\/a><\/p>&mdash; \ud83e\udd8a\u0299\u1d07\u029f\u029f\u1d00 (@cherrywine28) <a href=\"https:\/\/twitter.com\/cherrywine28\/status\/1247103774453305347?ref_src=twsrc%5Etfw\" target=\"_blank\" rel=\"noopener\">April 6, 2020<\/a><\/blockquote><script async src=\"https:\/\/platform.twitter.com\/widgets.js\" charset=\"utf-8\"><\/script>\n<\/div><\/figure>","protected":false},"excerpt":{"rendered":"<p>O ator Erza Miller se tornou um dos assuntos mais comentados durante a madrugada desta segunda(06\/4), ap\u00f3s um suposto v\u00eddeo onde ele aparece enforcando uma f\u00e3 passar a circular nas redes sociais. Na grava\u00e7\u00e3o, o ator al\u00e9m de enforcar, derruba a mulher no ch\u00e3o, puxando-a pelo pesco\u00e7o. Veja abaixo: Segundo o relato de um amigo [&hellip;]<\/p>\n","protected":false},"author":1,"featured_media":48851,"comment_status":"closed","ping_status":"open","sticky":false,"template":"","format":"standard","meta":{"footnotes":""},"categories":[173],"tags":[3761],"class_list":["post-48850","post","type-post","status-publish","format-standard","has-post-thumbnail","hentry","category-celebridades","tag-ezra-miller"],"_links":{"self":[{"href":"https:\/\/portalpopmais.com.br\/en\/wp-json\/wp\/v2\/posts\/48850","targetHints":{"allow":["GET"]}}],"collection":[{"href":"https:\/\/portalpopmais.com.br\/en\/wp-json\/wp\/v2\/posts"}],"about":[{"href":"https:\/\/portalpopmais.com.br\/en\/wp-json\/wp\/v2\/types\/post"}],"author":[{"embeddable":true,"href":"https:\/\/portalpopmais.com.br\/en\/wp-json\/wp\/v2\/users\/1"}],"replies":[{"embeddable":true,"href":"https:\/\/portalpopmais.com.br\/en\/wp-json\/wp\/v2\/comments?post=48850"}],"version-history":[{"count":0,"href":"https:\/\/portalpopmais.com.br\/en\/wp-json\/wp\/v2\/posts\/48850\/revisions"}],"wp:featuredmedia":[{"embeddable":true,"href":"https:\/\/portalpopmais.com.br\/en\/wp-json\/"}],"wp:attachment":[{"href":"https:\/\/portalpopmais.com.br\/en\/wp-json\/wp\/v2\/media?parent=48850"}],"wp:term":[{"taxonomy":"category","embeddable":true,"href":"https:\/\/portalpopmais.com.br\/en\/wp-json\/wp\/v2\/categories?post=48850"},{"taxonomy":"post_tag","embeddable":true,"href":"https:\/\/portalpopmais.com.br\/en\/wp-json\/wp\/v2\/tags?post=48850"}],"curies":[{"name":"wp","href":"https:\/\/api.w.org\/{rel}","templated":true}]}}