{"id":49275,"date":"2020-04-12T19:41:01","date_gmt":"2020-04-12T22:41:01","guid":{"rendered":"https:\/\/popmais.com.br\/?p=49275"},"modified":"2020-04-12T19:41:01","modified_gmt":"2020-04-12T22:41:01","slug":"rotta-sociro-gabra-e-luiz-belim-se-unem-para-lancamento-do-single-refem","status":"publish","type":"post","link":"https:\/\/portalpopmais.com.br\/en\/rotta-sociro-gabra-e-luiz-belim-se-unem-para-lancamento-do-single-refem\/","title":{"rendered":"Rotta, S\u00f3Ciro, Gabr\u00e1 e Luiz Belim se unem para lan\u00e7amento do single \u201cRef\u00e9m\u201d"},"content":{"rendered":"<p><em>&#8220;Ref\u00e9m&#8221;<\/em> \u00e9 o terceiro lan\u00e7amento oficial do selo <a href=\"https:\/\/www.instagram.com\/beatsbyrotta\/\" target=\"_blank\" rel=\"noopener\"><strong>BeatsbyRotta<\/strong> <\/a>em 2020, e conta com a participa\u00e7\u00e3o de <strong>Luiz Belim<\/strong>,<strong> S\u00f3Ciro<\/strong>, <strong>Gabr\u00e1<\/strong> e produ\u00e7\u00e3o musical de<strong> Rotta <\/strong>e<strong> Ciro VS.<\/strong> Os artistas se destacam em diferentes cen\u00e1rios do Urban Pop atual e casam seus universos na faixa.<\/p>\n<p>Lan\u00e7ada na sexta-feira (10), a m\u00fasica carrega em sua produ\u00e7\u00e3o refer\u00eancias ao <em>trap <\/em>americano, com melodias vocais principais e secund\u00e1rias bem trabalhadas, al\u00e9m de unir a classe e suavidade do R&amp;B. A m\u00fasica pega de surpresa as <em>fanbases <\/em>dos artistas, que est\u00e3o acostumadas com produ\u00e7\u00f5es mais ac\u00fasticas e org\u00e2nicas.<\/p>\n<p>O clipe foi gravado em S\u00e3o Paulo pela M2 Films. Assista:<\/p>\n<p><iframe loading=\"lazy\" title=\"Rotta - Ref\u00e9m ft S\u00f3Ciro, Gabr\u00e1 e Luiz Belim (Prod. Rotta e Ciro VS)\" width=\"880\" height=\"495\" src=\"https:\/\/www.youtube.com\/embed\/BfrxmmYWbLs?feature=oembed\" frameborder=\"0\" allow=\"accelerometer; autoplay; encrypted-media; gyroscope; picture-in-picture\" allowfullscreen><\/iframe><\/p>\n<h4>Sobre os artistas<\/h4>\n<div id=\"attachment_49276\" style=\"width: 501px\" class=\"wp-caption aligncenter\"><img loading=\"lazy\" decoding=\"async\" aria-describedby=\"caption-attachment-49276\" class=\"wp-image-49276\" src=\"https:\/\/popmais.com.br\/wp-content\/uploads\/2020\/04\/gabriel-rota.png\" alt=\"\" width=\"491\" height=\"325\" title=\"\"><p id=\"caption-attachment-49276\" class=\"wp-caption-text\">Gabriel Rotta (Foto: Divulga\u00e7\u00e3o)<\/p><\/div>\n<p>Gabriel <strong>Rotta<\/strong> \u00e9 produtor e beatkmaker de S\u00e3o Paulo, que ganhou notoriedade na cena do <em>trap<\/em> com os projetos Alpha e Beta, que englobavam grandes nomes do cen\u00e1rio. Em 2019, Rotta buscou evoluir seu selo BeatsbyRotta e projeta para 2020 lan\u00e7amentos assertivos, unindo diferentes artistas e trazendo sempre resultados inovadores e criativos.<\/p>\n<div id=\"attachment_49277\" style=\"width: 476px\" class=\"wp-caption aligncenter\"><img loading=\"lazy\" decoding=\"async\" aria-describedby=\"caption-attachment-49277\" class=\"wp-image-49277\" src=\"https:\/\/popmais.com.br\/wp-content\/uploads\/2020\/04\/S\u00f3Ciro.png\" alt=\"\" width=\"466\" height=\"310\" title=\"\"><p id=\"caption-attachment-49277\" class=\"wp-caption-text\">S\u00f3Ciro (Foto: Divulga\u00e7\u00e3o)<\/p><\/div>\n<p><strong>S\u00f3Ciro <\/strong>\u00e9 um artista de hip hop e R&amp;B nacional que ganhou grande espa\u00e7o na cena com o projeto Org\u00e2nico do selo RapBox. Atualmente, conta com quase 900 mil ouvintes mensais, sendo uma das grandes promessas da m\u00fasica nacional. Seu timbre presente e poesias bem trabalhadas s\u00e3o o ponto forte do artista que promete para 2020. Em \u201cRef\u00e9m\u201d, apresentou um lado ainda n\u00e3o t\u00e3o explorado da sua carreira, surpreendendo sua <em>fanbase<\/em>.<\/p>\n<div id=\"attachment_49278\" style=\"width: 474px\" class=\"wp-caption aligncenter\"><img loading=\"lazy\" decoding=\"async\" aria-describedby=\"caption-attachment-49278\" class=\"wp-image-49278\" src=\"https:\/\/popmais.com.br\/wp-content\/uploads\/2020\/04\/Gabr\u00e1.png\" alt=\"\" width=\"464\" height=\"309\" title=\"\"><p id=\"caption-attachment-49278\" class=\"wp-caption-text\">Gabr\u00e1 (Foto: Divulga\u00e7\u00e3o)<\/p><\/div>\n<p><strong>Gabr\u00e1<\/strong> \u00e9 um dos principais nomes do R&amp;B e ac\u00fasticos nacional, contabilizando mais de 100 milh\u00f5es de ouvintes nas plataformas digitais. Ganhou seu destaque com projetos em parceria com a 1Kilo e mostra em &#8220;Ref\u00e9m&#8221; toda sua versatilidade com o trap.<\/p>\n<div id=\"attachment_49279\" style=\"width: 480px\" class=\"wp-caption aligncenter\"><img loading=\"lazy\" decoding=\"async\" aria-describedby=\"caption-attachment-49279\" class=\"size-full wp-image-49279\" src=\"https:\/\/popmais.com.br\/wp-content\/uploads\/2020\/04\/Luiz-Belim.png\" alt=\"\" width=\"470\" height=\"315\" title=\"\"><p id=\"caption-attachment-49279\" class=\"wp-caption-text\">Luiz Belim (Foto: Divulga\u00e7\u00e3o)<\/p><\/div>\n<p><strong>Luiz Belim<\/strong> \u00e9 um cantor paulista, com foco\u00a0 no <em>trap <\/em>e R&amp;B. Aposta do selo BeatsbyRotta em 2020, Luiz possui seu maior trabalho em \u201cRef\u00e9m\u201d, onde espera se expor e posicionar no mercado fonogr\u00e1fico.<\/p>","protected":false},"excerpt":{"rendered":"<p>&#8220;Ref\u00e9m&#8221; \u00e9 o terceiro lan\u00e7amento oficial do selo BeatsbyRotta em 2020, e conta com a participa\u00e7\u00e3o de Luiz Belim, S\u00f3Ciro, Gabr\u00e1 e produ\u00e7\u00e3o musical de Rotta e Ciro VS. Os artistas se destacam em diferentes cen\u00e1rios do Urban Pop atual e casam seus universos na faixa. Lan\u00e7ada na sexta-feira (10), a m\u00fasica carrega em sua [&hellip;]<\/p>\n","protected":false},"author":1,"featured_media":49280,"comment_status":"closed","ping_status":"open","sticky":false,"template":"","format":"standard","meta":{"footnotes":""},"categories":[154],"tags":[3735],"class_list":["post-49275","post","type-post","status-publish","format-standard","has-post-thumbnail","hentry","category-musica","tag-indicacao"],"_links":{"self":[{"href":"https:\/\/portalpopmais.com.br\/en\/wp-json\/wp\/v2\/posts\/49275","targetHints":{"allow":["GET"]}}],"collection":[{"href":"https:\/\/portalpopmais.com.br\/en\/wp-json\/wp\/v2\/posts"}],"about":[{"href":"https:\/\/portalpopmais.com.br\/en\/wp-json\/wp\/v2\/types\/post"}],"author":[{"embeddable":true,"href":"https:\/\/portalpopmais.com.br\/en\/wp-json\/wp\/v2\/users\/1"}],"replies":[{"embeddable":true,"href":"https:\/\/portalpopmais.com.br\/en\/wp-json\/wp\/v2\/comments?post=49275"}],"version-history":[{"count":0,"href":"https:\/\/portalpopmais.com.br\/en\/wp-json\/wp\/v2\/posts\/49275\/revisions"}],"wp:featuredmedia":[{"embeddable":true,"href":"https:\/\/portalpopmais.com.br\/en\/wp-json\/"}],"wp:attachment":[{"href":"https:\/\/portalpopmais.com.br\/en\/wp-json\/wp\/v2\/media?parent=49275"}],"wp:term":[{"taxonomy":"category","embeddable":true,"href":"https:\/\/portalpopmais.com.br\/en\/wp-json\/wp\/v2\/categories?post=49275"},{"taxonomy":"post_tag","embeddable":true,"href":"https:\/\/portalpopmais.com.br\/en\/wp-json\/wp\/v2\/tags?post=49275"}],"curies":[{"name":"wp","href":"https:\/\/api.w.org\/{rel}","templated":true}]}}