{"id":49749,"date":"2020-04-19T02:06:05","date_gmt":"2020-04-19T05:06:05","guid":{"rendered":"https:\/\/popmais.com.br\/?p=49749"},"modified":"2020-04-19T02:06:05","modified_gmt":"2020-04-19T05:06:05","slug":"bbb20-carlinhos-maia-diz-que-ivy-e-injusticada-nao-acho-esse-monstro-todo-que-falam","status":"publish","type":"post","link":"https:\/\/portalpopmais.com.br\/en\/bbb20-carlinhos-maia-diz-que-ivy-e-injusticada-nao-acho-esse-monstro-todo-que-falam\/","title":{"rendered":"BBB20: Carlinhos Maia diz que Ivy \u00e9 injusti\u00e7ada: &#8220;N\u00e3o acho esse monstro todo que falam&#8221;"},"content":{"rendered":"<p>O youtuber Carlinhos Maia usou suas redes sociais na noite deste s\u00e1bado (18) para dar um posicionamento bastante controverso. De acordo com ele, Ivy, participante da atual edi\u00e7\u00e3o do Big Brother Brasil e que j\u00e1 foi acusada de racismo, \u00e9 injusti\u00e7ada pelo p\u00fablico e defende a sister.<\/p>\n<p>&#8220;N\u00e3o acho a Ivy esse monstro todo que falam. Acho que teve gente bem pior. Errou sim, mas eu acredito na desconstru\u00e7\u00e3o sempre e n\u00e3o na rejei\u00e7\u00e3o. Mas n\u00e3o a acho energia pesada&#8221;, declarou Carlinhos.<\/p>\n<p>Mais tarde, o influencer continuou a manifestar sua opini\u00e3o e declarou que falta empatia por parte do p\u00fablico. Ele afirma que as pessoas est\u00e3o julgando demais e Ivy n\u00e3o pode ser atacada dessa forma.<\/p>\n<p>&#8220;N\u00e3o d\u00e1 para fazer linchamento virtual e depois vir falar sobre bullying e outras coisas. E desculpem por n\u00e3o estar com a maioria. Para gostar de algu\u00e9m n\u00e3o precisa cancelar a outra. Comparam Ivy com corona, com Hitler. Imagina sair e saber disso? Empatia zero&#8221;, opinou.<\/p>","protected":false},"excerpt":{"rendered":"<p>O youtuber Carlinhos Maia usou suas redes sociais na noite deste s\u00e1bado (18) para dar um posicionamento bastante controverso. De acordo com ele, Ivy, participante da atual edi\u00e7\u00e3o do Big Brother Brasil e que j\u00e1 foi acusada de racismo, \u00e9 injusti\u00e7ada pelo p\u00fablico e defende a sister. &#8220;N\u00e3o acho a Ivy esse monstro todo que [&hellip;]<\/p>\n","protected":false},"author":3,"featured_media":49750,"comment_status":"closed","ping_status":"open","sticky":false,"template":"","format":"standard","meta":{"footnotes":""},"categories":[1],"tags":[198],"class_list":["post-49749","post","type-post","status-publish","format-standard","has-post-thumbnail","hentry","category-fire2","tag-bbb20"],"_links":{"self":[{"href":"https:\/\/portalpopmais.com.br\/en\/wp-json\/wp\/v2\/posts\/49749","targetHints":{"allow":["GET"]}}],"collection":[{"href":"https:\/\/portalpopmais.com.br\/en\/wp-json\/wp\/v2\/posts"}],"about":[{"href":"https:\/\/portalpopmais.com.br\/en\/wp-json\/wp\/v2\/types\/post"}],"author":[{"embeddable":true,"href":"https:\/\/portalpopmais.com.br\/en\/wp-json\/wp\/v2\/users\/3"}],"replies":[{"embeddable":true,"href":"https:\/\/portalpopmais.com.br\/en\/wp-json\/wp\/v2\/comments?post=49749"}],"version-history":[{"count":0,"href":"https:\/\/portalpopmais.com.br\/en\/wp-json\/wp\/v2\/posts\/49749\/revisions"}],"wp:attachment":[{"href":"https:\/\/portalpopmais.com.br\/en\/wp-json\/wp\/v2\/media?parent=49749"}],"wp:term":[{"taxonomy":"category","embeddable":true,"href":"https:\/\/portalpopmais.com.br\/en\/wp-json\/wp\/v2\/categories?post=49749"},{"taxonomy":"post_tag","embeddable":true,"href":"https:\/\/portalpopmais.com.br\/en\/wp-json\/wp\/v2\/tags?post=49749"}],"curies":[{"name":"wp","href":"https:\/\/api.w.org\/{rel}","templated":true}]}}