{"id":50084,"date":"2020-04-24T12:02:39","date_gmt":"2020-04-24T15:02:39","guid":{"rendered":"https:\/\/popmais.com.br\/?p=50084"},"modified":"2020-04-24T12:02:39","modified_gmt":"2020-04-24T15:02:39","slug":"we-are-warriors-avril-lavigne-lanca-regravacao-com-letra-dedicada-aos-profissionais-de-saude","status":"publish","type":"post","link":"https:\/\/portalpopmais.com.br\/en\/we-are-warriors-avril-lavigne-lanca-regravacao-com-letra-dedicada-aos-profissionais-de-saude\/","title":{"rendered":"\u201cWe Are Warriors\u201d: Avril Lavigne lan\u00e7a regrava\u00e7\u00e3o com letra dedicada aos profissionais de sa\u00fade"},"content":{"rendered":"<p>Nesta sexta-feira(24\/4), <strong>Avril Lavigne<\/strong> lan\u00e7ou a faixa <em>\u201cWe Are Warriors<\/em>\u201d. A can\u00e7\u00e3o \u00e9 uma regrava\u00e7\u00e3o, originalmente lan\u00e7ada no \u00e1lbum &#8220;Head Above Water&#8221; (2019).<\/p>\n<p>Diferente da primeira vers\u00e3o, onde ela canta em primeira pessoa, aqui ela troca o &#8220;eu&#8221; por &#8220;n\u00f3s&#8221;, e dedica a letra aos profissionais de s\u00e1ude, que est\u00e3o na linha de frente contra a pandemia do novo coronav\u00edrus.<\/p>\n<p><em>\u201cPorque somos guerreiros, lutaremos por nossas vidas \/ Como soldados a noite toda\/ E n\u00e3o vamos desistir, vamos sobreviver, somos guerreiros\/ E somos mais fortes, \u00e9 por isso que estamos vivos\/ Vamos conquistar, vez ap\u00f3s vez\/ Nunca vacilaremos, sobreviveremos, somos guerreiros\u201d<\/em>, diz a letra.<\/p>\n<p>Todo o lucro da can\u00e7\u00e3o, ser\u00e1 revertido \u00e0 organiza\u00e7\u00f5es beneficentes. Confira:<\/p>\n<p><iframe loading=\"lazy\" title=\"We Are Warriors\" width=\"880\" height=\"660\" src=\"https:\/\/www.youtube.com\/embed\/Vrq9oswj-q4?feature=oembed\" frameborder=\"0\" allow=\"accelerometer; autoplay; encrypted-media; gyroscope; picture-in-picture\" allowfullscreen><\/iframe><\/p>","protected":false},"excerpt":{"rendered":"<p>Nesta sexta-feira(24\/4), Avril Lavigne lan\u00e7ou a faixa \u201cWe Are Warriors\u201d. A can\u00e7\u00e3o \u00e9 uma regrava\u00e7\u00e3o, originalmente lan\u00e7ada no \u00e1lbum &#8220;Head Above Water&#8221; (2019). Diferente da primeira vers\u00e3o, onde ela canta em primeira pessoa, aqui ela troca o &#8220;eu&#8221; por &#8220;n\u00f3s&#8221;, e dedica a letra aos profissionais de s\u00e1ude, que est\u00e3o na linha de frente contra [&hellip;]<\/p>\n","protected":false},"author":1,"featured_media":50085,"comment_status":"closed","ping_status":"open","sticky":false,"template":"","format":"standard","meta":{"footnotes":""},"categories":[154],"tags":[286],"class_list":["post-50084","post","type-post","status-publish","format-standard","has-post-thumbnail","hentry","category-musica","tag-avril-lavigne"],"_links":{"self":[{"href":"https:\/\/portalpopmais.com.br\/en\/wp-json\/wp\/v2\/posts\/50084","targetHints":{"allow":["GET"]}}],"collection":[{"href":"https:\/\/portalpopmais.com.br\/en\/wp-json\/wp\/v2\/posts"}],"about":[{"href":"https:\/\/portalpopmais.com.br\/en\/wp-json\/wp\/v2\/types\/post"}],"author":[{"embeddable":true,"href":"https:\/\/portalpopmais.com.br\/en\/wp-json\/wp\/v2\/users\/1"}],"replies":[{"embeddable":true,"href":"https:\/\/portalpopmais.com.br\/en\/wp-json\/wp\/v2\/comments?post=50084"}],"version-history":[{"count":0,"href":"https:\/\/portalpopmais.com.br\/en\/wp-json\/wp\/v2\/posts\/50084\/revisions"}],"wp:featuredmedia":[{"embeddable":true,"href":"https:\/\/portalpopmais.com.br\/en\/wp-json\/"}],"wp:attachment":[{"href":"https:\/\/portalpopmais.com.br\/en\/wp-json\/wp\/v2\/media?parent=50084"}],"wp:term":[{"taxonomy":"category","embeddable":true,"href":"https:\/\/portalpopmais.com.br\/en\/wp-json\/wp\/v2\/categories?post=50084"},{"taxonomy":"post_tag","embeddable":true,"href":"https:\/\/portalpopmais.com.br\/en\/wp-json\/wp\/v2\/tags?post=50084"}],"curies":[{"name":"wp","href":"https:\/\/api.w.org\/{rel}","templated":true}]}}