{"id":50481,"date":"2020-04-30T14:30:44","date_gmt":"2020-04-30T17:30:44","guid":{"rendered":"https:\/\/popmais.com.br\/?p=50481"},"modified":"2020-04-30T14:30:44","modified_gmt":"2020-04-30T17:30:44","slug":"apos-chamar-quarentena-de-hipocrisia-sikera-jr-contrai-covid-19-e-faz-pedido-nao-subestimem-o-virus","status":"publish","type":"post","link":"https:\/\/portalpopmais.com.br\/en\/apos-chamar-quarentena-de-hipocrisia-sikera-jr-contrai-covid-19-e-faz-pedido-nao-subestimem-o-virus\/","title":{"rendered":"Ap\u00f3s chamar quarentena de hipocrisia, Sik\u00eara Jr. contrai covid-19 e faz pedido: &#8220;N\u00e3o subestimem o v\u00edrus&#8221;"},"content":{"rendered":"<p>Conhecido pelas opini\u00f5es pol\u00eamicas e tamb\u00e9m um dos grandes defensores do presidente Jair Bolsonaro, o apresentador do &#8220;Alerta Nacional&#8221;, exibido pela RedeTV!, Sik\u00eara Jr., foi infectado pelo novo Coronav\u00edrus.<\/p>\n<p>J\u00e1 no \u00faltimo dia 22, Sik\u00eara apresentou todos os sintomas da COVID-19 (tosse, febre, dor de cabe\u00e7a e falta de ar) e deixou a sede da emissora manauara que trabalha.<\/p>\n<p>Na tarde desta \u00faltima quarta-feira (29), Sik\u00eara concedeu entrevista ao seu pr\u00f3prio programa. Na conversa, ele confirmou que contraiu a doen\u00e7a, falou sobre o seu estado de sa\u00fade atual e garantiu que o cont\u00e1gio do COVID-19 lhe deu uma li\u00e7\u00e3o de vida.<\/p>\n<p>&#8220;\u00c9 uma surpresa. A gente acha que s\u00f3 pega fogo na casa do vizinho. E a vida me deu essa li\u00e7\u00e3o. A gente n\u00e3o acredita enquanto n\u00e3o acontece com a gente. Enquanto acontece com o nosso vizinho, normal. Mas quando acontece conosco, a hist\u00f3ria \u00e9 outra\u201d, garantiu.<\/p>\n<p>Ao fazer uma esp\u00e9cie de meia culpa, o apresentador chamou aten\u00e7\u00e3o pra gravidade da doen\u00e7a e disse para n\u00e3o subestima-la l\u00e1, assim como ele fez no passado. \u201cN\u00e3o subestime o coronav\u00edrus, como eu fiz, \u00e9 mais s\u00e9rio do que eu imaginava&#8221;, afirmou.<\/p>\n<blockquote class=\"twitter-tweet\" data-width=\"550\" data-dnt=\"true\">\n<p lang=\"pt\" dir=\"ltr\">Pagando pela pr\u00f3pria l\u00edngua, Sikeira Jr. testa positivo para <a href=\"https:\/\/twitter.com\/hashtag\/Covid_19?src=hash&amp;ref_src=twsrc%5Etfw\" target=\"_blank\" rel=\"noopener\">#Covid_19<\/a>. Vale lembrar que o apresentador da Rede TV! (<a href=\"https:\/\/twitter.com\/RedeTV?ref_src=twsrc%5Etfw\" target=\"_blank\" rel=\"noopener\">@RedeTV<\/a>) chegou a chamar a quarentena de hipocrisia, e agora faz apelo: &quot;n\u00e3o subestimem o v\u00edrus&quot;. <a href=\"https:\/\/t.co\/hmDVI860fO\">pic.twitter.com\/hmDVI860fO<\/a><\/p>\n<p>&mdash; POP Mais (@sitepopmais) <a href=\"https:\/\/twitter.com\/sitepopmais\/status\/1255912172917534720?ref_src=twsrc%5Etfw\" target=\"_blank\" rel=\"noopener\">April 30, 2020<\/a><\/p><\/blockquote>\n<p><script async src=\"https:\/\/platform.twitter.com\/widgets.js\" charset=\"utf-8\"><\/script><\/p>\n<p>Vale lembrar que em mar\u00e7o, o contratado da RedeTV! criticou a campanha para que todos fiquem em casa durante esse per\u00edodo. \u201cDeixa de hipocrisia, Brasil&#8221;, disse ele na \u00e9poca.<\/p>","protected":false},"excerpt":{"rendered":"<p>Conhecido pelas opini\u00f5es pol\u00eamicas e tamb\u00e9m um dos grandes defensores do presidente Jair Bolsonaro, o apresentador do &#8220;Alerta Nacional&#8221;, exibido pela RedeTV!, Sik\u00eara Jr., foi infectado pelo novo Coronav\u00edrus. J\u00e1 no \u00faltimo dia 22, Sik\u00eara apresentou todos os sintomas da COVID-19 (tosse, febre, dor de cabe\u00e7a e falta de ar) e deixou a sede da [&hellip;]<\/p>\n","protected":false},"author":3,"featured_media":50482,"comment_status":"closed","ping_status":"open","sticky":false,"template":"","format":"standard","meta":{"footnotes":""},"categories":[181],"tags":[2227,2251],"class_list":["post-50481","post","type-post","status-publish","format-standard","has-post-thumbnail","hentry","category-televisao","tag-rede-tv","tag-sikera-jr"],"_links":{"self":[{"href":"https:\/\/portalpopmais.com.br\/en\/wp-json\/wp\/v2\/posts\/50481","targetHints":{"allow":["GET"]}}],"collection":[{"href":"https:\/\/portalpopmais.com.br\/en\/wp-json\/wp\/v2\/posts"}],"about":[{"href":"https:\/\/portalpopmais.com.br\/en\/wp-json\/wp\/v2\/types\/post"}],"author":[{"embeddable":true,"href":"https:\/\/portalpopmais.com.br\/en\/wp-json\/wp\/v2\/users\/3"}],"replies":[{"embeddable":true,"href":"https:\/\/portalpopmais.com.br\/en\/wp-json\/wp\/v2\/comments?post=50481"}],"version-history":[{"count":0,"href":"https:\/\/portalpopmais.com.br\/en\/wp-json\/wp\/v2\/posts\/50481\/revisions"}],"wp:featuredmedia":[{"embeddable":true,"href":"https:\/\/portalpopmais.com.br\/en\/wp-json\/"}],"wp:attachment":[{"href":"https:\/\/portalpopmais.com.br\/en\/wp-json\/wp\/v2\/media?parent=50481"}],"wp:term":[{"taxonomy":"category","embeddable":true,"href":"https:\/\/portalpopmais.com.br\/en\/wp-json\/wp\/v2\/categories?post=50481"},{"taxonomy":"post_tag","embeddable":true,"href":"https:\/\/portalpopmais.com.br\/en\/wp-json\/wp\/v2\/tags?post=50481"}],"curies":[{"name":"wp","href":"https:\/\/api.w.org\/{rel}","templated":true}]}}