{"id":52374,"date":"2020-05-19T16:39:24","date_gmt":"2020-05-19T19:39:24","guid":{"rendered":"https:\/\/portalpopmais.wpcomstaging.com\/?p=52374"},"modified":"2020-05-19T16:39:24","modified_gmt":"2020-05-19T19:39:24","slug":"video-gloria-maria-sobre-bolsonaro-eu-ja-teria-apanhado-ou-teria-batido","status":"publish","type":"post","link":"https:\/\/portalpopmais.com.br\/en\/video-gloria-maria-sobre-bolsonaro-eu-ja-teria-apanhado-ou-teria-batido\/","title":{"rendered":"V\u00cdDEO | Gloria Maria sobre Bolsonaro: &#8220;Eu j\u00e1 teria apanhado ou teria batido&#8221;"},"content":{"rendered":"<p>Durante o programa<em> &#8220;Conversa com o Bial&#8221;<\/em>, da TV Globo, nesta segunda-feira (18), alguns jornalistas falaram sobre assuntos pol\u00eamicos, como pol\u00edtica e racismo. Uma das participantes foi <strong>Gloria Maria<\/strong>, que comentou como faria se o presidente a mandasse calar a boca, como fez semanas atr\u00e1s com seus colegas.<\/p>\n<p><em>\u201cEu n\u00e3o calava. Ia dizer \u2018vou calar quando o senhor calar tamb\u00e9m. Vamos falar juntos. Vamos conversar, eu pergunto e o senhor responde\u2019. Cala a boca? As coisas que ou\u00e7o agora para mim s\u00e3o impens\u00e1veis, Pedro\u201d<\/em>, disparou.<\/p>\n<p>Ela continuou listando as outras falas infelizes do presidente Bolsonaro.<em> \u201cDizer que o brasileiro est\u00e1 protegido (do Covid19) porque ele se lava no esgoto, para mim, \u00e9 al\u00e9m de qualquer imagina\u00e7\u00e3o. Tem coisas que eu penso que n\u00e3o estou vivendo para ver e ouvir isso. Pol\u00edtica eu sempre aprendi em um n\u00edvel t\u00e3o alto, e o que estou vendo agora \u00e9 de uma tristeza\u201d<\/em>, lamentou.<\/p>\n<p>Gloria ainda ressaltou que n\u00e3o toleraria o comportamento agressivo e corriqueiramente desrespeitoso do presidente com a imprensa. <em>\u201cGra\u00e7as a Deus que n\u00e3o cubro pol\u00edtica mais porque eu j\u00e1 teria apanhado ou j\u00e1 teria batido. Com certeza\u201d<\/em>, afirmou.<\/p>\n<p>Veja:<\/p>\n<blockquote class=\"twitter-tweet\" data-width=\"550\" data-dnt=\"true\">\n<p lang=\"pt\" dir=\"ltr\">Gl\u00f3ria Maria falando sobre Bolsonaro no &quot;Conversa com o Bial&quot;. Meus aplausos!!! <a href=\"https:\/\/t.co\/OK4rze08Zh\">pic.twitter.com\/OK4rze08Zh<\/a><\/p>\n<p>&mdash; Leo Madureira (@leomadureira) <a href=\"https:\/\/twitter.com\/leomadureira\/status\/1262608970654629891?ref_src=twsrc%5Etfw\" target=\"_blank\" rel=\"noopener\">May 19, 2020<\/a><\/p><\/blockquote>\n<p><script async src=\"https:\/\/platform.twitter.com\/widgets.js\" charset=\"utf-8\"><\/script><\/p>","protected":false},"excerpt":{"rendered":"<p>Durante o programa &#8220;Conversa com o Bial&#8221;, da TV Globo, nesta segunda-feira (18), alguns jornalistas falaram sobre assuntos pol\u00eamicos, como pol\u00edtica e racismo. Uma das participantes foi Gloria Maria, que comentou como faria se o presidente a mandasse calar a boca, como fez semanas atr\u00e1s com seus colegas. \u201cEu n\u00e3o calava. Ia dizer \u2018vou calar [&hellip;]<\/p>\n","protected":false},"author":1,"featured_media":52377,"comment_status":"closed","ping_status":"open","sticky":false,"template":"","format":"video","meta":{"footnotes":""},"categories":[173,181],"tags":[477,3875],"class_list":["post-52374","post","type-post","status-publish","format-video","has-post-thumbnail","hentry","category-celebridades","category-televisao","tag-bolsonaro","tag-gloria-maria","post_format-post-format-video"],"_links":{"self":[{"href":"https:\/\/portalpopmais.com.br\/en\/wp-json\/wp\/v2\/posts\/52374","targetHints":{"allow":["GET"]}}],"collection":[{"href":"https:\/\/portalpopmais.com.br\/en\/wp-json\/wp\/v2\/posts"}],"about":[{"href":"https:\/\/portalpopmais.com.br\/en\/wp-json\/wp\/v2\/types\/post"}],"author":[{"embeddable":true,"href":"https:\/\/portalpopmais.com.br\/en\/wp-json\/wp\/v2\/users\/1"}],"replies":[{"embeddable":true,"href":"https:\/\/portalpopmais.com.br\/en\/wp-json\/wp\/v2\/comments?post=52374"}],"version-history":[{"count":0,"href":"https:\/\/portalpopmais.com.br\/en\/wp-json\/wp\/v2\/posts\/52374\/revisions"}],"wp:featuredmedia":[{"embeddable":true,"href":"https:\/\/portalpopmais.com.br\/en\/wp-json\/"}],"wp:attachment":[{"href":"https:\/\/portalpopmais.com.br\/en\/wp-json\/wp\/v2\/media?parent=52374"}],"wp:term":[{"taxonomy":"category","embeddable":true,"href":"https:\/\/portalpopmais.com.br\/en\/wp-json\/wp\/v2\/categories?post=52374"},{"taxonomy":"post_tag","embeddable":true,"href":"https:\/\/portalpopmais.com.br\/en\/wp-json\/wp\/v2\/tags?post=52374"}],"curies":[{"name":"wp","href":"https:\/\/api.w.org\/{rel}","templated":true}]}}