{"id":52649,"date":"2020-05-21T21:42:48","date_gmt":"2020-05-22T00:42:48","guid":{"rendered":"https:\/\/portalpopmais.wpcomstaging.com\/?p=52649"},"modified":"2020-05-21T21:42:48","modified_gmt":"2020-05-22T00:42:48","slug":"contratado-da-record-matheus-ribeiro-opina-sobre-uso-da-cloroquina-vai-nos-levar-para-o-buraco","status":"publish","type":"post","link":"https:\/\/portalpopmais.com.br\/en\/contratado-da-record-matheus-ribeiro-opina-sobre-uso-da-cloroquina-vai-nos-levar-para-o-buraco\/","title":{"rendered":"Contratado da Record, Matheus Ribeiro opina sobre uso da cloroquina: &#8220;Vai nos levar para o buraco&#8221;"},"content":{"rendered":"<p>O governo Bolsonaro tem insistentemente apoiado uma pauta que gera muita discuss\u00e3o nos conselhos de medicina de todo o pa\u00eds: o uso da subst\u00e2ncia cloroquina em pacientes da covid-19 em estado grave.<\/p>\n<p>Vendo toda essa divulga\u00e7\u00e3o por parte do setores ligados ao presidente que se baseiam em pesquisas consideradas sem fundamento cient\u00edfico, o jornalista Matheus Ribeiro, atual contratado da Record em Bras\u00edlia, resolveu manifestar sua opini\u00e3o sobre o uso desse &#8220;m\u00e9todo de cura&#8221;<\/p>\n<p>Rebatendo um telespectador que alegou que n\u00e3o havia gostado dele por se manifestar contra o uso da subst\u00e2ncia, o apresentador respondeu que se baseia em estudos e comprova\u00e7\u00f5es cient\u00edficas.<\/p>\n<p><em>&#8220;Os pesquisadores, os m\u00e9dicos e os cientistas que devem ser a favor do tratamento. A n\u00f3s, a popula\u00e7\u00e3o, cabe somente seguir as orienta\u00e7\u00f5es de profissionais que estudam e s\u00e3o respeitados em todo o mundo&#8221;,<\/em> disse.<\/p>\n<blockquote class=\"twitter-tweet\" data-width=\"550\" data-dnt=\"true\">\n<p lang=\"pt\" dir=\"ltr\">N\u00e3o cursei medicina, para ser favor\u00e1vel ou contr\u00e1rio a uma determinada medica\u00e7\u00e3o. Estudei jornalismo e isso me tornou apto a ser um porta-voz de informa\u00e7\u00f5es corretas e bem apuradas, com um abordagem que d\u00e1 espa\u00e7o ao contradit\u00f3rio, aos v\u00e1rios lados de uma not\u00edcia. <a href=\"https:\/\/t.co\/A7rGMEUaJ7\">pic.twitter.com\/A7rGMEUaJ7<\/a><\/p>\n<p>&mdash; Matheus Ribeiro (@MRibeiroTV) <a href=\"https:\/\/twitter.com\/MRibeiroTV\/status\/1263612155846369281?ref_src=twsrc%5Etfw\" target=\"_blank\" rel=\"noopener\">May 21, 2020<\/a><\/p><\/blockquote>\n<p><script async src=\"https:\/\/platform.twitter.com\/widgets.js\" charset=\"utf-8\"><\/script><\/p>\n<p>Divulgando o v\u00eddeo da resposta em seu Twitter, Matheus ainda disse que se o Brasil continuar seguindo em achismos do Governo, o pa\u00eds pode ir pro buraco.<\/p>\n<p><em>&#8220;N\u00e3o posso opinar sobre cloroquina, mas posso garantir que n\u00e3o \u00e9 com achismos que o mundo sair\u00e1 de uma pandemia. Ao contr\u00e1rio: a ignor\u00e2ncia pode nos levar para um buraco maior ainda&#8221;<\/em>, contou o jornalista.<\/p>\n<blockquote class=\"twitter-tweet\" data-width=\"550\" data-dnt=\"true\">\n<p lang=\"pt\" dir=\"ltr\">N\u00e3o posso opinar sobre cloroquina, mas posso garantir que n\u00e3o \u00e9 com achismos que o mundo sair\u00e1 de uma pandemia. Ao contr\u00e1rio: a ignor\u00e2ncia pode nos levar para um buraco ainda maior.<br \/>.<br \/>O espa\u00e7o sempre est\u00e1 aberto no DF Record: basta comentar com a hashtag <a href=\"https:\/\/twitter.com\/hashtag\/VcNoDF?src=hash&amp;ref_src=twsrc%5Etfw\" target=\"_blank\" rel=\"noopener\">#VcNoDF<\/a>.<\/p>\n<p>&mdash; Matheus Ribeiro (@MRibeiroTV) <a href=\"https:\/\/twitter.com\/MRibeiroTV\/status\/1263612320602824705?ref_src=twsrc%5Etfw\" target=\"_blank\" rel=\"noopener\">May 21, 2020<\/a><\/p><\/blockquote>\n<p><script async src=\"https:\/\/platform.twitter.com\/widgets.js\" charset=\"utf-8\"><\/script><\/p>\n<p>Nos coment\u00e1rios muitos seguidores, acharam a atitude de Matheus Ribeiro muito corajosa, pois sabe que o dono da Record, Edir Macedo, \u00e9 um apoiador ferrenho do governo Bolsonaro.<\/p>","protected":false},"excerpt":{"rendered":"<p>O governo Bolsonaro tem insistentemente apoiado uma pauta que gera muita discuss\u00e3o nos conselhos de medicina de todo o pa\u00eds: o uso da subst\u00e2ncia cloroquina em pacientes da covid-19 em estado grave. Vendo toda essa divulga\u00e7\u00e3o por parte do setores ligados ao presidente que se baseiam em pesquisas consideradas sem fundamento cient\u00edfico, o jornalista Matheus [&hellip;]<\/p>\n","protected":false},"author":3,"featured_media":52653,"comment_status":"closed","ping_status":"open","sticky":false,"template":"","format":"standard","meta":{"footnotes":""},"categories":[181],"tags":[2282,2283],"class_list":["post-52649","post","type-post","status-publish","format-standard","has-post-thumbnail","hentry","category-televisao","tag-matheus-ribeiro","tag-matheus-ribeiro-sobre-cloroquina"],"_links":{"self":[{"href":"https:\/\/portalpopmais.com.br\/en\/wp-json\/wp\/v2\/posts\/52649","targetHints":{"allow":["GET"]}}],"collection":[{"href":"https:\/\/portalpopmais.com.br\/en\/wp-json\/wp\/v2\/posts"}],"about":[{"href":"https:\/\/portalpopmais.com.br\/en\/wp-json\/wp\/v2\/types\/post"}],"author":[{"embeddable":true,"href":"https:\/\/portalpopmais.com.br\/en\/wp-json\/wp\/v2\/users\/3"}],"replies":[{"embeddable":true,"href":"https:\/\/portalpopmais.com.br\/en\/wp-json\/wp\/v2\/comments?post=52649"}],"version-history":[{"count":0,"href":"https:\/\/portalpopmais.com.br\/en\/wp-json\/wp\/v2\/posts\/52649\/revisions"}],"wp:attachment":[{"href":"https:\/\/portalpopmais.com.br\/en\/wp-json\/wp\/v2\/media?parent=52649"}],"wp:term":[{"taxonomy":"category","embeddable":true,"href":"https:\/\/portalpopmais.com.br\/en\/wp-json\/wp\/v2\/categories?post=52649"},{"taxonomy":"post_tag","embeddable":true,"href":"https:\/\/portalpopmais.com.br\/en\/wp-json\/wp\/v2\/tags?post=52649"}],"curies":[{"name":"wp","href":"https:\/\/api.w.org\/{rel}","templated":true}]}}