{"id":52713,"date":"2020-05-22T13:13:20","date_gmt":"2020-05-22T16:13:20","guid":{"rendered":"https:\/\/portalpopmais.wpcomstaging.com\/?p=52713"},"modified":"2020-05-22T13:13:20","modified_gmt":"2020-05-22T16:13:20","slug":"priscilla-pugliese-fala-sobre-a-indicacao-de-the-stripper-em-festival-internacional","status":"publish","type":"post","link":"https:\/\/portalpopmais.com.br\/en\/priscilla-pugliese-fala-sobre-a-indicacao-de-the-stripper-em-festival-internacional\/","title":{"rendered":"Priscilla Pugliese fala sobre a indica\u00e7\u00e3o de \u201cThe Stripper\u201d em festival internacional"},"content":{"rendered":"<p>Somando quase 16 milh\u00f5es de visualiza\u00e7\u00f5es nos epis\u00f3dios, o sucesso<em> \u201cThe Stripper\u201d<\/em> recebe a primeira indica\u00e7\u00e3o a um festival internacional. A webs\u00e9rie realizada pela produtora de audiovisual independente, a Ponto A\u00e7\u00e3o Produ\u00e7\u00f5es, foi lan\u00e7ada em outubro do \u00faltimo ano e j\u00e1 concorre na estreia da categoria \u201cWebs\u00e9rie &#8211; Nacional\u201d, no Fest Cine Pedra Azul.\u00a0O festival, idealizado e produzido pela Tower Filmes e a Galp\u00e3o Produ\u00e7\u00f5es\/ IBCA, est\u00e1 na terceira edi\u00e7\u00e3o neste ano de 2020.<\/p>\n<p>Sendo, at\u00e9 ent\u00e3o, um festival voltado para produ\u00e7\u00f5es de cinema, o Fest Cine Pedra Azul decidiu abrir espa\u00e7o para as Webs\u00e9ries, produ\u00e7\u00f5es que s\u00e3o realizadas para as plataformas digitais, principalmente youtube. Assim como <em>\u201cThe Stripper\u201d,<\/em> mais oito projetos concorrem \u00e0 categoria.<\/p>\n<p><strong>Priscilla Pugliese<\/strong> e <strong>Natalie Smith<\/strong> s\u00e3o os nomes que protagonizam as personagens Lauren Pugliese e Camila Smith, em <em>\u201cThe Stripper\u201d.<\/em> A hist\u00f3ria \u00e9 a adapta\u00e7\u00e3o de uma fanfic, escrita pela autora Evelin Silva e baseada no suposto relacionamento entre as cantoras internacionais Camila Cabello e Lauren Jauregui, ex integrantes do girl group Fifth Harmony. O elenco conta tamb\u00e9m com o ator Rodrigo Tardelli e tem dire\u00e7\u00e3o de N\u00e1dia Bambirra.<\/p>\n<p>J\u00e1 reconhecida internacionalmente pelos seus trabalhos enquanto produtora de audiovisual independente, a Ponto A\u00e7\u00e3o Produ\u00e7\u00f5es possui o nome de outros projetos em festivais internacionais, como a webs\u00e9rie <em>\u201cA Melhor Amiga da Noiva\u201d<\/em>, que concorreu ao Rio WebFest, um dos maiores festivais de produ\u00e7\u00e3o independente do mundo. O projeto, al\u00e9m de levar o pr\u00eamio na categoria que concorria, foi selecionado para o \u201cGolden Ticket\u201d, que oferecia um passe livre para o festival de Los Angeles, nos Estados Unidos.<\/p>\n<p>Ap\u00f3s o sucesso de <em>\u201cA Melhor Amiga da Noiva\u201d<\/em> e a cada projeto, fica n\u00edtido como a produtora passou a investir nas produ\u00e7\u00f5es e subir o n\u00edvel. <em>\u201cThe Stripper\u201d<\/em> \u00e9 o resultado dessa evolu\u00e7\u00e3o em todos os sentidos. Mas, mesmo reconhecendo e sabendo o quanto trabalharam para isso, a atriz e s\u00f3cia da produtora, Priscilla Pugliese, ainda fica sem palavras para descrever o que \u00e9 estar concorrendo em um festival internacional.<\/p>\n<p><em>\u201c\u00c9 muito surreal, porque parece que a ficha n\u00e3o cai! Sempre parece que estamos brincando de fazer arte. Tivemos sim um trabalho e um comprometimento muito s\u00e9rio na hora de produzir a webs\u00e9rie, mas agora estamos curtindo esse projeto. Normalmente, a ficha s\u00f3 cai quando estamos l\u00e1 no festival e come\u00e7ando a entender a propor\u00e7\u00e3o que tomou\u201d<\/em>, relata Priscilla.<\/p>\n<p>Al\u00e9m do pr\u00eamio, Prisicilla conta tamb\u00e9m como a experi\u00eancia de estar em um festival \u00e9 significativo para o aprendizado e contato com outras pessoas da \u00e1rea. <em>\u201cO reconhecimento \u00e9 importante para que a galera do meio, para que a m\u00eddia, realmente olhe para gente! Ter a indica\u00e7\u00e3o j\u00e1 \u00e9 um processo muito importante, para podermos conhecer outros profissionais, trocar experi\u00eancias e aprendizados. At\u00e9 porque, como eu costumo dizer, n\u00f3s, da Ponto A\u00e7\u00e3o, somos tr\u00eas atores, formados como atores, que meteram a cara e est\u00e3o produzindo e aprendendo na pr\u00e1tica o que \u00e9 um roteiro, como segurar uma c\u00e2mera, etc. N\u00e3o tivemos cursos ou aulas, mas a nossa experi\u00eancia vem desse contato com outros profissionais, que olham para gente, que querem trabalhar com a gente e acreditam no que fazemos\u201d,<\/em> diz.<\/p>\n<div id=\"attachment_52716\" style=\"width: 437px\" class=\"wp-caption aligncenter\"><img loading=\"lazy\" decoding=\"async\" aria-describedby=\"caption-attachment-52716\" class=\"wp-image-52716 size-full\" src=\"https:\/\/portalpopmais.wpcomstaging.com\/wp-content\/uploads\/2020\/05\/lauren_pugliese.png\" alt=\"\" width=\"427\" height=\"253\" title=\"\"><p id=\"caption-attachment-52716\" class=\"wp-caption-text\">Priscilla Pugliese (Foto: Divulga\u00e7\u00e3o)<\/p><\/div>\n<p>Pela primeira vez, a Ponto A\u00e7\u00e3o Produ\u00e7\u00f5es tem uma de suas webs\u00e9ries indicadas em um festival que acontece fora do Rio de Janeiro, local de origem da produtora. O Fest Cine Pedra Azul, acontece em Pedra Azul, distrito de Domingos Martins, interior do Esp\u00edrito Santo. Segundo a dire\u00e7\u00e3o do festival, a ideia de trazer as webs\u00e9ries nessa edi\u00e7\u00e3o surgiu de uma reuni\u00e3o entre o diretor Marcoz Gomez com Sergio Kalili, presidente da Associa\u00e7\u00e3o Brasileira de Criadores de Conte\u00fado Digital &#8211; DigitalBR.<\/p>\n<p><em>\u201cO projeto do festival n\u00e3o \u00e9 fechado, estamos sempre avaliando novas possibilidades. Esse ano incluir as webs\u00e9ries j\u00e1 foi bem arrojado, mas nossa inten\u00e7\u00e3o \u00e9 sempre ampliar quando o resultado \u00e9 satisfat\u00f3rio\u201d<\/em>, afirma a Dire\u00e7\u00e3o do Festival.<\/p>\n<p>E, assim como \u00e9 interessante para o festival ampliar a diversidade, para os indicados, \u00e9 tamb\u00e9m uma oportunidade para as produtoras terem seus trabalhos alcan\u00e7ando ainda mais pessoas.<\/p>\n<p><em>\u201cA sensa\u00e7\u00e3o agora \u00e9 completamente diferente da nossa participa\u00e7\u00e3o em outros festivais. Pela primeira vez estamos concorrendo em um festival fora do Rio de Janeiro, com amigos dividindo a categoria. Al\u00e9m disso, \u00e9 a primeira vez que estamos concorrendo em um festival com um contexto diferente, onde as webs\u00e9ries s\u00e3o s\u00f3 uma categoria e ser\u00e3o avaliadas ainda mais a fundo\u201d<\/em>, conta Priscilla Pugliese.<\/p>\n<p>Entre os oito concorrentes de <em>\u201cThe Stripper\u201d<\/em> no Fest Cine Pedra Azul, est\u00e1 a segunda temporada da webs\u00e9rie<em> \u201cMagenta\u201d<\/em>, na qual Priscilla tamb\u00e9m atuou.<em> \u201cAl\u00e9m de estar em duas webs\u00e9ries concorrentes, uma sendo um projeto da minha produtora e outra onde participei apenas como atriz, h\u00e1 tamb\u00e9m mais pessoas que eu conhe\u00e7o e admiro na categoria. O cora\u00e7\u00e3o fica ainda mais apertado e se eu pudesse dividir esse pr\u00eamio entre todos n\u00f3s, eu dividiria\u201d<\/em>, afirma a atriz.<\/p>\n<p><em>\u201cThe Stripper\u201d<\/em> foi aguardada durante muito tempo pelo p\u00fablico. A webs\u00e9rie que foi lan\u00e7ada em duas etapas, uma em 2019 e outra j\u00e1 em 2020, levou os f\u00e3s \u00e0 loucura para o ver desenrolar da trama. O sucesso da primeira temporada \u00e9 resultado dessa ansiedade e de como a webs\u00e9rie caiu no gosto de quem acompanhou. Agora que j\u00e1 chegou ao fim, a indica\u00e7\u00e3o no Fest Cine Pedra Azul, torna-se o novo motivo para os f\u00e3s e a pr\u00f3pria produtora sentirem o frio na barriga de ansiedade e torcerem muito.<\/p>\n<p><iframe loading=\"lazy\" title=\"THE STRIPPER - Epis\u00f3dio 01 | Subtitles\" width=\"880\" height=\"495\" src=\"https:\/\/www.youtube.com\/embed\/videoseries?list=PLXcBD1c3lsUj0Y8qHYFqmUhXOnOTl6CP8\" frameborder=\"0\" allow=\"accelerometer; autoplay; clipboard-write; encrypted-media; gyroscope; picture-in-picture\" allowfullscreen><\/iframe><\/p>\n<p>O festival tem datas previstas para os dias 04, 05, 06, 07 e 08 de Agosto. A programa\u00e7\u00e3o conta com a cerim\u00f4nia de abertura, coletivas de imprensa, exibi\u00e7\u00f5es, palestras, debates e, no \u00faltimo dia, a t\u00e3o aguardada entrega dos pr\u00eamios e trof\u00e9us aos vencedores.<\/p>","protected":false},"excerpt":{"rendered":"<p>Somando quase 16 milh\u00f5es de visualiza\u00e7\u00f5es nos epis\u00f3dios, o sucesso \u201cThe Stripper\u201d recebe a primeira indica\u00e7\u00e3o a um festival internacional. A webs\u00e9rie realizada pela produtora de audiovisual independente, a Ponto A\u00e7\u00e3o Produ\u00e7\u00f5es, foi lan\u00e7ada em outubro do \u00faltimo ano e j\u00e1 concorre na estreia da categoria \u201cWebs\u00e9rie &#8211; Nacional\u201d, no Fest Cine Pedra Azul.\u00a0O festival, [&hellip;]<\/p>\n","protected":false},"author":1,"featured_media":52715,"comment_status":"closed","ping_status":"open","sticky":false,"template":"","format":"standard","meta":{"footnotes":""},"categories":[174],"tags":[3867],"class_list":["post-52713","post","type-post","status-publish","format-standard","has-post-thumbnail","hentry","category-filmes-series","tag-priscilla-pugliese"],"_links":{"self":[{"href":"https:\/\/portalpopmais.com.br\/en\/wp-json\/wp\/v2\/posts\/52713","targetHints":{"allow":["GET"]}}],"collection":[{"href":"https:\/\/portalpopmais.com.br\/en\/wp-json\/wp\/v2\/posts"}],"about":[{"href":"https:\/\/portalpopmais.com.br\/en\/wp-json\/wp\/v2\/types\/post"}],"author":[{"embeddable":true,"href":"https:\/\/portalpopmais.com.br\/en\/wp-json\/wp\/v2\/users\/1"}],"replies":[{"embeddable":true,"href":"https:\/\/portalpopmais.com.br\/en\/wp-json\/wp\/v2\/comments?post=52713"}],"version-history":[{"count":0,"href":"https:\/\/portalpopmais.com.br\/en\/wp-json\/wp\/v2\/posts\/52713\/revisions"}],"wp:attachment":[{"href":"https:\/\/portalpopmais.com.br\/en\/wp-json\/wp\/v2\/media?parent=52713"}],"wp:term":[{"taxonomy":"category","embeddable":true,"href":"https:\/\/portalpopmais.com.br\/en\/wp-json\/wp\/v2\/categories?post=52713"},{"taxonomy":"post_tag","embeddable":true,"href":"https:\/\/portalpopmais.com.br\/en\/wp-json\/wp\/v2\/tags?post=52713"}],"curies":[{"name":"wp","href":"https:\/\/api.w.org\/{rel}","templated":true}]}}