{"id":54128,"date":"2020-05-29T13:22:37","date_gmt":"2020-05-29T16:22:37","guid":{"rendered":"https:\/\/portalpopmais.wpcomstaging.com\/?p=54128"},"modified":"2020-05-29T13:22:37","modified_gmt":"2020-05-29T16:22:37","slug":"rennan-da-penha-se-junta-a-turma-do-pagode-em-novo-single-ja-to","status":"publish","type":"post","link":"https:\/\/portalpopmais.com.br\/en\/rennan-da-penha-se-junta-a-turma-do-pagode-em-novo-single-ja-to\/","title":{"rendered":"Rennan da Penha se junta \u00e0 Turma do Pagode em novo single &#8220;J\u00e1 T\u00f4&#8221;"},"content":{"rendered":"<p>Dando continuidade \u00e0 divulga\u00e7\u00e3o do DVD <em>&#8220;Segue o Baile&#8221;<\/em>, o <strong>DJ Rennan da Penha<\/strong> liberou, nesta sexta-feira (29), mais uma m\u00fasica do projeto. Chamada<em> &#8220;J\u00e1 T\u00f4&#8221;<\/em>, a can\u00e7\u00e3o, que conta com a participa\u00e7\u00e3o do grupo Turma do Pagode, mescla a sonoridade do grupo com o funk carioca.<\/p>\n<p><em>\u201cEssa foi uma m\u00fasica que eu n\u00e3o esperava, um pagofunk. Era algo que j\u00e1 tinha visto em eventos, mas que nunca tinha feito em m\u00fasica. Fico muito feliz de poder fazer uma mistura, mesclar pela primeira vez esses dois ritmos. \u00c9 uma parceria muito importante para a minha carreira, junto com a Turma do Pagode\u201d<\/em>, disse Rennan sobre a faixa.<\/p>\n<p>Leiz, da Turma, completa: <em>\u201cFoi um pagofunk que tivemos a felicidade de participar, n\u00e3o s\u00f3 da m\u00fasica, mas tamb\u00e9m da grava\u00e7\u00e3o do DVD do Rennan. Pra gente, foi uma felicidade muito grande, porque \u00e9 um ritmo que gostamos, temos um carinho pelo Funk, muito respeito pelo Rennan e, na hora que recebemos esse convite, ficamos extremamente felizes. No dia da grava\u00e7\u00e3o, foi tudo lindo, perfeito, e esperamos muito dessa m\u00fasica, que \u00e9 bem legal, dan\u00e7ante, fala a linguagem do dia a dia e, se Deus quiser, vai dar o que falar\u201d.<\/em><\/p>\n<p>Confira:<\/p>\n<p><iframe loading=\"lazy\" title=\"Rennan da Penha, Turma do Pagode - J\u00e1 T\u00f4 (Ao Vivo)\" width=\"880\" height=\"495\" src=\"https:\/\/www.youtube.com\/embed\/IEW3oQpcs0s?feature=oembed\" frameborder=\"0\" allow=\"accelerometer; autoplay; encrypted-media; gyroscope; picture-in-picture\" allowfullscreen><\/iframe><\/p>\n<p>Neste fim de semana, Rennan prepara mais uma live musical. A transmiss\u00e3o acontece no canal da <a href=\"https:\/\/www.youtube.com\/user\/filtrbrasil\" target=\"_blank\" rel=\"noopener\"><strong>Filtr Brasil no YouTube<\/strong><\/a>, a partir das 23h deste s\u00e1bado (30\/5).<\/p>\n<p>O artista j\u00e1 fez outras Lives musicais, que foram sucesso de p\u00fablico e arrecadaram fundos para as fam\u00edlias em situa\u00e7\u00f5es de vulnerabilidade e tamb\u00e9m para entidades LGBTQI+.<\/p>","protected":false},"excerpt":{"rendered":"<p>Dando continuidade \u00e0 divulga\u00e7\u00e3o do DVD &#8220;Segue o Baile&#8221;, o DJ Rennan da Penha liberou, nesta sexta-feira (29), mais uma m\u00fasica do projeto. Chamada &#8220;J\u00e1 T\u00f4&#8221;, a can\u00e7\u00e3o, que conta com a participa\u00e7\u00e3o do grupo Turma do Pagode, mescla a sonoridade do grupo com o funk carioca. \u201cEssa foi uma m\u00fasica que eu n\u00e3o esperava, [&hellip;]<\/p>\n","protected":false},"author":1,"featured_media":54130,"comment_status":"closed","ping_status":"open","sticky":false,"template":"","format":"video","meta":{"footnotes":""},"categories":[154],"tags":[3357,3948],"class_list":["post-54128","post","type-post","status-publish","format-video","has-post-thumbnail","hentry","category-musica","tag-rennan-da-penha-2","tag-turma-do-pagode","post_format-post-format-video"],"_links":{"self":[{"href":"https:\/\/portalpopmais.com.br\/en\/wp-json\/wp\/v2\/posts\/54128","targetHints":{"allow":["GET"]}}],"collection":[{"href":"https:\/\/portalpopmais.com.br\/en\/wp-json\/wp\/v2\/posts"}],"about":[{"href":"https:\/\/portalpopmais.com.br\/en\/wp-json\/wp\/v2\/types\/post"}],"author":[{"embeddable":true,"href":"https:\/\/portalpopmais.com.br\/en\/wp-json\/wp\/v2\/users\/1"}],"replies":[{"embeddable":true,"href":"https:\/\/portalpopmais.com.br\/en\/wp-json\/wp\/v2\/comments?post=54128"}],"version-history":[{"count":0,"href":"https:\/\/portalpopmais.com.br\/en\/wp-json\/wp\/v2\/posts\/54128\/revisions"}],"wp:attachment":[{"href":"https:\/\/portalpopmais.com.br\/en\/wp-json\/wp\/v2\/media?parent=54128"}],"wp:term":[{"taxonomy":"category","embeddable":true,"href":"https:\/\/portalpopmais.com.br\/en\/wp-json\/wp\/v2\/categories?post=54128"},{"taxonomy":"post_tag","embeddable":true,"href":"https:\/\/portalpopmais.com.br\/en\/wp-json\/wp\/v2\/tags?post=54128"}],"curies":[{"name":"wp","href":"https:\/\/api.w.org\/{rel}","templated":true}]}}