{"id":54146,"date":"2020-05-29T15:32:08","date_gmt":"2020-05-29T18:32:08","guid":{"rendered":"https:\/\/portalpopmais.wpcomstaging.com\/?p=54146"},"modified":"2020-05-29T15:32:08","modified_gmt":"2020-05-29T18:32:08","slug":"reporter-negro-da-cnn-e-preso-ao-vivo-nos-eua-enquanto-colega-branco-nao-e-abordado-entenda","status":"publish","type":"post","link":"https:\/\/portalpopmais.com.br\/en\/reporter-negro-da-cnn-e-preso-ao-vivo-nos-eua-enquanto-colega-branco-nao-e-abordado-entenda\/","title":{"rendered":"Rep\u00f3rter negro da CNN \u00e9 preso ao vivo nos EUA, enquanto colega branco n\u00e3o \u00e9 abordado; entenda"},"content":{"rendered":"<p>Um situa\u00e7\u00e3o muito inusitada, pra n\u00e3o dizer preconceituosa, aconteceu nos Estados Unidos, na manh\u00e3 desta sexta-feira (29). Um rep\u00f3rter da CNN, estava cobrindo ao vivo as manifesta\u00e7\u00f5es contra a morte de um rapaz negro provocada por policiais brancos na cidade de Minneapolis, em dado momento da transmiss\u00e3o, o jornalista, que tamb\u00e9m \u00e9 negro, acaba sendo detido enquanto o cinegrafista capta tudo em tempo real.<\/p>\n<p>O policial que aparece no v\u00eddeo algemando o profissional da imprensa, relata que o motivo do rep\u00f3rter estar sendo preso, seria a insist\u00eancia em permanecer em local inapropriado, se recusando a ir para zona de prote\u00e7\u00e3o.<\/p>\n<p>Acontece, que segundo a rede de televis\u00e3o Americana, um outro rep\u00f3rter, branco, estava presente no mesmo local e cobrindo a mesma situa\u00e7\u00e3o, mas n\u00e3o foi advertido. Veja o momento:<\/p>\n<blockquote class=\"twitter-tweet\" data-width=\"550\" data-dnt=\"true\">\n<p lang=\"pt\" dir=\"ltr\">Racismo ao vivo! Rep\u00f3rter da CNN \u00e9 preso durante protestos em Minneapolis, EUA. A pol\u00edcia afirma que ele se recusou a deixar o local, por\u00e9m a emissora CONFIRMA que outro rep\u00f3rter branco, que tamb\u00e9m cobria a manifesta\u00e7\u00e3o, n\u00e3o foi abordado.<a href=\"https:\/\/t.co\/xsyxRYVbqM\">pic.twitter.com\/xsyxRYVbqM<\/a><\/p>\n<p>&mdash; POP Mais (@portalpopmais) <a href=\"https:\/\/twitter.com\/portalpopmais\/status\/1266418099256991752?ref_src=twsrc%5Etfw\" target=\"_blank\" rel=\"noopener\">May 29, 2020<\/a><\/p><\/blockquote>\n<p><script async src=\"https:\/\/platform.twitter.com\/widgets.js\" charset=\"utf-8\"><\/script><\/p>","protected":false},"excerpt":{"rendered":"<p>Um situa\u00e7\u00e3o muito inusitada, pra n\u00e3o dizer preconceituosa, aconteceu nos Estados Unidos, na manh\u00e3 desta sexta-feira (29). Um rep\u00f3rter da CNN, estava cobrindo ao vivo as manifesta\u00e7\u00f5es contra a morte de um rapaz negro provocada por policiais brancos na cidade de Minneapolis, em dado momento da transmiss\u00e3o, o jornalista, que tamb\u00e9m \u00e9 negro, acaba sendo [&hellip;]<\/p>\n","protected":false},"author":3,"featured_media":54148,"comment_status":"closed","ping_status":"open","sticky":false,"template":"","format":"standard","meta":{"footnotes":""},"categories":[181],"tags":[1105,2294],"class_list":["post-54146","post","type-post","status-publish","format-standard","has-post-thumbnail","hentry","category-televisao","tag-cnn","tag-reporter-negro-da-cnn-e-preso"],"_links":{"self":[{"href":"https:\/\/portalpopmais.com.br\/en\/wp-json\/wp\/v2\/posts\/54146","targetHints":{"allow":["GET"]}}],"collection":[{"href":"https:\/\/portalpopmais.com.br\/en\/wp-json\/wp\/v2\/posts"}],"about":[{"href":"https:\/\/portalpopmais.com.br\/en\/wp-json\/wp\/v2\/types\/post"}],"author":[{"embeddable":true,"href":"https:\/\/portalpopmais.com.br\/en\/wp-json\/wp\/v2\/users\/3"}],"replies":[{"embeddable":true,"href":"https:\/\/portalpopmais.com.br\/en\/wp-json\/wp\/v2\/comments?post=54146"}],"version-history":[{"count":0,"href":"https:\/\/portalpopmais.com.br\/en\/wp-json\/wp\/v2\/posts\/54146\/revisions"}],"wp:featuredmedia":[{"embeddable":true,"href":"https:\/\/portalpopmais.com.br\/en\/wp-json\/"}],"wp:attachment":[{"href":"https:\/\/portalpopmais.com.br\/en\/wp-json\/wp\/v2\/media?parent=54146"}],"wp:term":[{"taxonomy":"category","embeddable":true,"href":"https:\/\/portalpopmais.com.br\/en\/wp-json\/wp\/v2\/categories?post=54146"},{"taxonomy":"post_tag","embeddable":true,"href":"https:\/\/portalpopmais.com.br\/en\/wp-json\/wp\/v2\/tags?post=54146"}],"curies":[{"name":"wp","href":"https:\/\/api.w.org\/{rel}","templated":true}]}}