{"id":56144,"date":"2020-06-19T22:56:37","date_gmt":"2020-06-20T01:56:37","guid":{"rendered":"https:\/\/portalpopmais.wpcomstaging.com\/?p=56144"},"modified":"2020-06-19T22:56:37","modified_gmt":"2020-06-20T01:56:37","slug":"ator-mario-frias-e-nomeado-como-novo-secretario-de-cultura","status":"publish","type":"post","link":"https:\/\/portalpopmais.com.br\/en\/ator-mario-frias-e-nomeado-como-novo-secretario-de-cultura\/","title":{"rendered":"Ator M\u00e1rio Frias \u00e9 nomeado como novo secret\u00e1rio de Cultura"},"content":{"rendered":"<p>O ator M\u00e1rio Frias \u00e9 o novo secret\u00e1rio da Cultura. A escolha do presidente Jair Bolsonaro (em partido) foi publicada nesta sexta-feira (19), em edi\u00e7\u00e3o extra do \u201cDi\u00e1rio Oficial da Uni\u00e3o\u201d.<\/p>\n<p>Quinto secret\u00e1rio de Cultura do atual governo, M\u00e1rio Frias assume o lugar da atriz Regina Duarte. O ator teria se encontrado com o presidente Bolsonaro no \u00faltimo dia 20 de maio, dia em que lhe foi feito o convite para a secretaria.<\/p>\n<p>Carioca, de 48 anos, e sem passagens em administra\u00e7\u00e3o p\u00fablica, o ator participou nos anos 1990 do seriado &#8216;Malha\u00e7\u00e3o&#8217; na Rede Globo. Ele tamb\u00e9m participou de novelas, como &#8216;Meu Bem Querer&#8217;, &#8216;O Beijo do Vampiro&#8217;, &#8216;O Quinto dos Infernos&#8217;, &#8216;Senhora do Destino&#8217; e &#8216;Ver\u00e3o 90&#8217;, entre outras. Atualmente, Frias \u00e9 apresentador e j\u00e1 comandou programas como T\u00f4 de F\u00e9rias, no SBT, e Super Bull Brasil, na RedeTV!<\/p>","protected":false},"excerpt":{"rendered":"<p>O ator M\u00e1rio Frias \u00e9 o novo secret\u00e1rio da Cultura. A escolha do presidente Jair Bolsonaro (em partido) foi publicada nesta sexta-feira (19), em edi\u00e7\u00e3o extra do \u201cDi\u00e1rio Oficial da Uni\u00e3o\u201d. Quinto secret\u00e1rio de Cultura do atual governo, M\u00e1rio Frias assume o lugar da atriz Regina Duarte. O ator teria se encontrado com o presidente [&hellip;]<\/p>\n","protected":false},"author":2,"featured_media":56148,"comment_status":"closed","ping_status":"open","sticky":false,"template":"","format":"standard","meta":{"footnotes":""},"categories":[173],"tags":[477,4552],"class_list":["post-56144","post","type-post","status-publish","format-standard","has-post-thumbnail","hentry","category-celebridades","tag-bolsonaro","tag-mario-faria"],"_links":{"self":[{"href":"https:\/\/portalpopmais.com.br\/en\/wp-json\/wp\/v2\/posts\/56144","targetHints":{"allow":["GET"]}}],"collection":[{"href":"https:\/\/portalpopmais.com.br\/en\/wp-json\/wp\/v2\/posts"}],"about":[{"href":"https:\/\/portalpopmais.com.br\/en\/wp-json\/wp\/v2\/types\/post"}],"author":[{"embeddable":true,"href":"https:\/\/portalpopmais.com.br\/en\/wp-json\/wp\/v2\/users\/2"}],"replies":[{"embeddable":true,"href":"https:\/\/portalpopmais.com.br\/en\/wp-json\/wp\/v2\/comments?post=56144"}],"version-history":[{"count":0,"href":"https:\/\/portalpopmais.com.br\/en\/wp-json\/wp\/v2\/posts\/56144\/revisions"}],"wp:featuredmedia":[{"embeddable":true,"href":"https:\/\/portalpopmais.com.br\/en\/wp-json\/"}],"wp:attachment":[{"href":"https:\/\/portalpopmais.com.br\/en\/wp-json\/wp\/v2\/media?parent=56144"}],"wp:term":[{"taxonomy":"category","embeddable":true,"href":"https:\/\/portalpopmais.com.br\/en\/wp-json\/wp\/v2\/categories?post=56144"},{"taxonomy":"post_tag","embeddable":true,"href":"https:\/\/portalpopmais.com.br\/en\/wp-json\/wp\/v2\/tags?post=56144"}],"curies":[{"name":"wp","href":"https:\/\/api.w.org\/{rel}","templated":true}]}}