{"id":56150,"date":"2020-06-19T16:03:19","date_gmt":"2020-06-19T19:03:19","guid":{"rendered":"https:\/\/portalpopmais.wpcomstaging.com\/?p=56150"},"modified":"2020-06-19T16:03:19","modified_gmt":"2020-06-19T19:03:19","slug":"ansel-elgort-de-a-culpa-e-das-estrelas-e-acusado-de-estuprar-uma-menina-de-17-anos","status":"publish","type":"post","link":"https:\/\/portalpopmais.com.br\/en\/ansel-elgort-de-a-culpa-e-das-estrelas-e-acusado-de-estuprar-uma-menina-de-17-anos\/","title":{"rendered":"Ansel Elgort, de A Culpa \u00e9 das Estrelas, \u00e9 acusado de estuprar uma menina de 17 anos"},"content":{"rendered":"<p>Ansel Elgort, ator do filme A Culpa \u00e9 das Estrelas, foi acusado de estupro por uma garota chamada Gabby que afirmou que foi abusada pelo ator quando tinha apenas 17 anos de idade e deu alguns detalhes da hist\u00f3ria, afirmando que n\u00e3o est\u00e1 em busca de fama e que est\u00e1 expondo Elgort para \u201cse curar\u201d<\/p>\n<p>Ela publicou seu relato no Twitter atrav\u00e9s de um longo texto. Em outros tweets, ela publicou uma foto em que aparece deitada ao lado de Ansel e tamb\u00e9m o print de seu primeiro contanto com ele no Instagram, na qual ele passa sua rede social pessoal e privada.<\/p>\n<p>&#8220;Eu fui abusada sexualmente dias depois de completar 17 anos de idade. Ele estava na casa dos 20. Ele sabia o que estava fazendo. Eu n\u00e3o estou postando isso para ganhar fama, porque eu simplesmente n\u00e3o me importo com isso. Estou postando para que eu possa finalmente me curar e porque sei que n\u00e3o estou sozinha e ele fez isso com outras garotas. Ansel Elgort abusou sexualmente de mim quando eu tinha 17 anos\u201c, come\u00e7ou.<\/p>\n<p>&#8220;Ent\u00e3o quando aconteceu, ao inv\u00e9s de me perguntar se eu queria parar de transar j\u00e1 que ele sabia que era minha primeira vez e eu estava solu\u00e7ando de dor e n\u00e3o queria fazer isso, as \u00fanicas palavras dele para mim foram \u2018precisamos arrombar voc\u00ea\u2019. Eu n\u00e3o estava l\u00e1 naquele momento mentalmente. Eu dissociei de mim mesma e senti como se minha mente estivesse distante, eu n\u00e3o podia ir embora, eu tinha 1,57cm e 44kg. Ele me fez pensar que \u00e9 assim que sexo deveria ser\u201c, relatou.<\/p>\n<p>&#8220;Eu mandei uma DM para ele dois dias antes do meu anivers\u00e1rio de 17 anos e o adicionei na conta privada dele no Snapchat. Eu pensei que ele nunca veria minha DM, eu era uma crian\u00e7a e era f\u00e3 dele\u201d.<\/p>\n<p>Em outros tweets, ela publicou uma foto em que aparece abra\u00e7ada com Ansel e tamb\u00e9m o print de sua primeira com ele no Instagram, na qual ele passa sua rede social pessoal e privada. At\u00e9 o momento, Ansel ainda n\u00e3o se pronunciou sobre as acusa\u00e7\u00f5es.<\/p>\n<p>Veja os tweets abaixo:<\/p>\n<div id=\"attachment_56153\" style=\"width: 604px\" class=\"wp-caption aligncenter\"><img loading=\"lazy\" decoding=\"async\" aria-describedby=\"caption-attachment-56153\" class=\"wp-image-56153 size-full\" src=\"https:\/\/portalpopmais.wpcomstaging.com\/wp-content\/uploads\/2020\/06\/image_2APAyeC.jpeg\" alt=\"\" width=\"594\" height=\"562\" title=\"\"><p id=\"caption-attachment-56153\" class=\"wp-caption-text\">Foto: Reprodu\u00e7\u00e3o\/Twitter<\/p><\/div>\n<div id=\"attachment_56152\" style=\"width: 324px\" class=\"wp-caption aligncenter\"><img loading=\"lazy\" decoding=\"async\" aria-describedby=\"caption-attachment-56152\" class=\"wp-image-56152 size-full\" src=\"https:\/\/portalpopmais.wpcomstaging.com\/wp-content\/uploads\/2020\/06\/image_7z83r49.jpeg\" alt=\"\" width=\"314\" height=\"680\" title=\"\"><p id=\"caption-attachment-56152\" class=\"wp-caption-text\">Foto: Reprodu\u00e7\u00e3o\/Twitter<\/p><\/div>\n<div id=\"attachment_56155\" style=\"width: 324px\" class=\"wp-caption aligncenter\"><img loading=\"lazy\" decoding=\"async\" aria-describedby=\"caption-attachment-56155\" class=\"wp-image-56155 size-full\" src=\"https:\/\/portalpopmais.wpcomstaging.com\/wp-content\/uploads\/2020\/06\/image_oo6z9Kk.jpeg\" alt=\"\" width=\"314\" height=\"680\" title=\"\"><p id=\"caption-attachment-56155\" class=\"wp-caption-text\">Foto: Reprodu\u00e7\u00e3o\/Twitter<\/p><\/div>\n<p><img loading=\"lazy\" decoding=\"async\" class=\"aligncenter size-full wp-image-56154\" src=\"https:\/\/portalpopmais.wpcomstaging.com\/wp-content\/uploads\/2020\/06\/image_bkkqf2r.jpeg\" alt=\"\" width=\"270\" height=\"360\" title=\"\"><\/p>","protected":false},"excerpt":{"rendered":"<p>Ansel Elgort, ator do filme A Culpa \u00e9 das Estrelas, foi acusado de estupro por uma garota chamada Gabby que afirmou que foi abusada pelo ator quando tinha apenas 17 anos de idade e deu alguns detalhes da hist\u00f3ria, afirmando que n\u00e3o est\u00e1 em busca de fama e que est\u00e1 expondo Elgort para \u201cse curar\u201d [&hellip;]<\/p>\n","protected":false},"author":9,"featured_media":56157,"comment_status":"closed","ping_status":"open","sticky":false,"template":"","format":"standard","meta":{"footnotes":""},"categories":[173],"tags":[1490],"class_list":["post-56150","post","type-post","status-publish","format-standard","has-post-thumbnail","hentry","category-celebridades","tag-ansel-elgort"],"_links":{"self":[{"href":"https:\/\/portalpopmais.com.br\/en\/wp-json\/wp\/v2\/posts\/56150","targetHints":{"allow":["GET"]}}],"collection":[{"href":"https:\/\/portalpopmais.com.br\/en\/wp-json\/wp\/v2\/posts"}],"about":[{"href":"https:\/\/portalpopmais.com.br\/en\/wp-json\/wp\/v2\/types\/post"}],"author":[{"embeddable":true,"href":"https:\/\/portalpopmais.com.br\/en\/wp-json\/wp\/v2\/users\/9"}],"replies":[{"embeddable":true,"href":"https:\/\/portalpopmais.com.br\/en\/wp-json\/wp\/v2\/comments?post=56150"}],"version-history":[{"count":0,"href":"https:\/\/portalpopmais.com.br\/en\/wp-json\/wp\/v2\/posts\/56150\/revisions"}],"wp:featuredmedia":[{"embeddable":true,"href":"https:\/\/portalpopmais.com.br\/en\/wp-json\/"}],"wp:attachment":[{"href":"https:\/\/portalpopmais.com.br\/en\/wp-json\/wp\/v2\/media?parent=56150"}],"wp:term":[{"taxonomy":"category","embeddable":true,"href":"https:\/\/portalpopmais.com.br\/en\/wp-json\/wp\/v2\/categories?post=56150"},{"taxonomy":"post_tag","embeddable":true,"href":"https:\/\/portalpopmais.com.br\/en\/wp-json\/wp\/v2\/tags?post=56150"}],"curies":[{"name":"wp","href":"https:\/\/api.w.org\/{rel}","templated":true}]}}