{"id":56357,"date":"2020-06-22T16:00:53","date_gmt":"2020-06-22T19:00:53","guid":{"rendered":"https:\/\/portalpopmais.wpcomstaging.com\/?p=56357"},"modified":"2020-06-22T16:00:53","modified_gmt":"2020-06-22T19:00:53","slug":"apos-sofrer-ataques-thelma-assis-se-manifesta-a-educacao-e-a-minha-maior-ferramenta-contra-o-racismo","status":"publish","type":"post","link":"https:\/\/portalpopmais.com.br\/en\/apos-sofrer-ataques-thelma-assis-se-manifesta-a-educacao-e-a-minha-maior-ferramenta-contra-o-racismo\/","title":{"rendered":"Ap\u00f3s sofrer ataques, Thelma Assis se manifesta: &#8220;A educa\u00e7\u00e3o \u00e9 a minha maior ferramenta contra o racismo&#8221;"},"content":{"rendered":"<p>Thelma Assis, ganhadora da 20\u00b0 edi\u00e7\u00e3o do Big Brother Brasil, garantiu em recente entrevista na p\u00e1gina da atriz Aretha Oliveira, no Instagram, que o racismo s\u00f3 pode ser combatido com uma educa\u00e7\u00e3o de qualidade.<\/p>\n<p>A anestesista acredita que a educa\u00e7\u00e3o pode mudar a vida de algu\u00e9m, assim como mudou a sua no passado. Ela conta que foi muito dif\u00edcil ser a \u00fanica negra em sua turma de medicina, mas isso n\u00e3o a intimidou em busca do seu prop\u00f3sito.<\/p>\n<p>&#8220;A educa\u00e7\u00e3o \u00e9 a minha maior ferramenta contra o racismo. Quando eu me via na situa\u00e7\u00e3o de ser a \u00fanica negra em uma sala de aula, eu n\u00e3o me sentia bem. Estou cansada psicologicamente ver tantas quest\u00f5es racistas, mas a educa\u00e7\u00e3o pode mudar isso&#8221;, declarou.<\/p>\n<p>Na entrevista, Thelminha ainda relembrou o tempo das vacas magras e disse ser f\u00e3 de uma promo\u00e7\u00e3o e um desconto. A ex-sister se considera f\u00e3 da 25 de Mar\u00e7o, um dos maiores centros de com\u00e9rcio popular de S\u00e3o Paulo.<\/p>\n<p>&#8220;Eu amo a 25! Resolve tudo: casamento, Natal, festa junina, Halloween&#8221;, garantiu.<\/p>","protected":false},"excerpt":{"rendered":"<p>Thelma Assis, ganhadora da 20\u00b0 edi\u00e7\u00e3o do Big Brother Brasil, garantiu em recente entrevista na p\u00e1gina da atriz Aretha Oliveira, no Instagram, que o racismo s\u00f3 pode ser combatido com uma educa\u00e7\u00e3o de qualidade. A anestesista acredita que a educa\u00e7\u00e3o pode mudar a vida de algu\u00e9m, assim como mudou a sua no passado. Ela conta [&hellip;]<\/p>\n","protected":false},"author":3,"featured_media":52507,"comment_status":"closed","ping_status":"open","sticky":false,"template":"","format":"standard","meta":{"footnotes":""},"categories":[173],"tags":[2163,2249,1665],"class_list":["post-56357","post","type-post","status-publish","format-standard","has-post-thumbnail","hentry","category-celebridades","tag-capa","tag-thelma-assis","tag-tv-globo"],"_links":{"self":[{"href":"https:\/\/portalpopmais.com.br\/en\/wp-json\/wp\/v2\/posts\/56357","targetHints":{"allow":["GET"]}}],"collection":[{"href":"https:\/\/portalpopmais.com.br\/en\/wp-json\/wp\/v2\/posts"}],"about":[{"href":"https:\/\/portalpopmais.com.br\/en\/wp-json\/wp\/v2\/types\/post"}],"author":[{"embeddable":true,"href":"https:\/\/portalpopmais.com.br\/en\/wp-json\/wp\/v2\/users\/3"}],"replies":[{"embeddable":true,"href":"https:\/\/portalpopmais.com.br\/en\/wp-json\/wp\/v2\/comments?post=56357"}],"version-history":[{"count":0,"href":"https:\/\/portalpopmais.com.br\/en\/wp-json\/wp\/v2\/posts\/56357\/revisions"}],"wp:featuredmedia":[{"embeddable":true,"href":"https:\/\/portalpopmais.com.br\/en\/wp-json\/"}],"wp:attachment":[{"href":"https:\/\/portalpopmais.com.br\/en\/wp-json\/wp\/v2\/media?parent=56357"}],"wp:term":[{"taxonomy":"category","embeddable":true,"href":"https:\/\/portalpopmais.com.br\/en\/wp-json\/wp\/v2\/categories?post=56357"},{"taxonomy":"post_tag","embeddable":true,"href":"https:\/\/portalpopmais.com.br\/en\/wp-json\/wp\/v2\/tags?post=56357"}],"curies":[{"name":"wp","href":"https:\/\/api.w.org\/{rel}","templated":true}]}}