{"id":56842,"date":"2020-06-26T20:47:00","date_gmt":"2020-06-26T23:47:00","guid":{"rendered":"https:\/\/portalpopmais.wpcomstaging.com\/?p=56842"},"modified":"2020-06-26T20:47:00","modified_gmt":"2020-06-26T23:47:00","slug":"luan-santana-esta-entre-os-10-compositores-da-decada-que-mais-tem-musica-no-top-5-das-radios","status":"publish","type":"post","link":"https:\/\/portalpopmais.com.br\/en\/luan-santana-esta-entre-os-10-compositores-da-decada-que-mais-tem-musica-no-top-5-das-radios\/","title":{"rendered":"Luan Santana est\u00e1 entre os 10 compositores da d\u00e9cada que mais t\u00eam m\u00fasica no TOP 5 das r\u00e1dios"},"content":{"rendered":"<p>Mundo afora,<strong> Luan Santana<\/strong> tem dado o que falar. Nesta semana, o cantor, que vem quebrando recordes constantemente, recebeu grandes not\u00edcias que marcaram a sua trajet\u00f3ria. No dia 22 de junho, estreou o clipe <em>&#8220;Asas&#8221;<\/em>, no canal <strong>MTV<\/strong>. Dois dias depois, outra comemora\u00e7\u00e3o: ele figura na seleta lista de compositores que mais emplacaram singles nas r\u00e1dios do pa\u00eds, nos \u00faltimos 10 anos.<\/p>\n<p>Em 2017, o hit &#8220;<em>Acordando o Pr\u00e9dio&#8221;<\/em> chegou ao topo das paradas. Mas este n\u00e3o foi o primeiro. Luan j\u00e1 falava de amor em suas composi\u00e7\u00f5es, desde 2011, quando<em> &#8220;As Lembran\u00e7as V\u00e3o Na Mala&#8221;<\/em> encantou todo Brasil. Ele tamb\u00e9m \u00e9 dono das linhas e da voz de outros hits que o fizeram conquistar tal feito, como por exemplo <em>&#8220;Incondicional&#8221;<\/em> e <em>&#8220;Te Vivo&#8221;<\/em>, ambos em 2012,<em> &#8220;C\u00ea Topa?&#8221;<\/em>, em 2014,<em> &#8220;Escreve A\u00ed&#8221;<\/em>, em 2015, &#8220;Quando a Bad Bater&#8221;, em 2019.<\/p>\n<p><em>&#8220;Eu n\u00e3o estava esperando esse tipo de not\u00edcia agora, principalmente em um momento como esse da minha carreira, em que tantas coisas j\u00e1 aconteceram. Poucas coisas, hoje, me deixam t\u00e3o animado e me motivam tanto como essa informa\u00e7\u00e3o. \u00c9 como um pr\u00eamio que recebo diretamente dos meus f\u00e3s, os grandes respons\u00e1veis por essa conquista.&#8221;,<\/em> declara Luan Santana.<\/p>","protected":false},"excerpt":{"rendered":"<p>Mundo afora, Luan Santana tem dado o que falar. Nesta semana, o cantor, que vem quebrando recordes constantemente, recebeu grandes not\u00edcias que marcaram a sua trajet\u00f3ria. No dia 22 de junho, estreou o clipe &#8220;Asas&#8221;, no canal MTV. Dois dias depois, outra comemora\u00e7\u00e3o: ele figura na seleta lista de compositores que mais emplacaram singles nas [&hellip;]<\/p>\n","protected":false},"author":1,"featured_media":56844,"comment_status":"closed","ping_status":"open","sticky":false,"template":"","format":"standard","meta":{"footnotes":""},"categories":[154],"tags":[454],"class_list":["post-56842","post","type-post","status-publish","format-standard","has-post-thumbnail","hentry","category-musica","tag-luan-santana"],"_links":{"self":[{"href":"https:\/\/portalpopmais.com.br\/en\/wp-json\/wp\/v2\/posts\/56842","targetHints":{"allow":["GET"]}}],"collection":[{"href":"https:\/\/portalpopmais.com.br\/en\/wp-json\/wp\/v2\/posts"}],"about":[{"href":"https:\/\/portalpopmais.com.br\/en\/wp-json\/wp\/v2\/types\/post"}],"author":[{"embeddable":true,"href":"https:\/\/portalpopmais.com.br\/en\/wp-json\/wp\/v2\/users\/1"}],"replies":[{"embeddable":true,"href":"https:\/\/portalpopmais.com.br\/en\/wp-json\/wp\/v2\/comments?post=56842"}],"version-history":[{"count":0,"href":"https:\/\/portalpopmais.com.br\/en\/wp-json\/wp\/v2\/posts\/56842\/revisions"}],"wp:attachment":[{"href":"https:\/\/portalpopmais.com.br\/en\/wp-json\/wp\/v2\/media?parent=56842"}],"wp:term":[{"taxonomy":"category","embeddable":true,"href":"https:\/\/portalpopmais.com.br\/en\/wp-json\/wp\/v2\/categories?post=56842"},{"taxonomy":"post_tag","embeddable":true,"href":"https:\/\/portalpopmais.com.br\/en\/wp-json\/wp\/v2\/tags?post=56842"}],"curies":[{"name":"wp","href":"https:\/\/api.w.org\/{rel}","templated":true}]}}