{"id":56937,"date":"2020-06-27T18:22:52","date_gmt":"2020-06-27T21:22:52","guid":{"rendered":"https:\/\/portalpopmais.wpcomstaging.com\/?p=56937"},"modified":"2020-06-27T18:22:52","modified_gmt":"2020-06-27T21:22:52","slug":"pridemonth-lolla-anuncia-live-celebrando-a-diversidade-para-esta-segunda-27","status":"publish","type":"post","link":"https:\/\/portalpopmais.com.br\/en\/pridemonth-lolla-anuncia-live-celebrando-a-diversidade-para-esta-segunda-27\/","title":{"rendered":"#PrideMonth: Lolla anuncia live celebrando a diversidade para esta segunda, 27"},"content":{"rendered":"<p>Depois de um fim de semana repleto de lives #pride a Segunda-feira (27) n\u00e3o ser\u00e1 diferente. <strong>Lolla<\/strong> que j\u00e1 \u00e9 figurinha carimbada das Paradas por todo estado do RJ, sempre muito militante achou o momento ideal pra fazer sua primeira live no Youtube.<\/p>\n<p>Ela entrar\u00e1 ao vivo \u00e0s 20h cantando mas tbm promete muitas surpresas como participa\u00e7\u00f5es especiais e brincadeiras pra falar sobre a causa LGBTQIA+ q \u00e9 o principal intuito al\u00e9m das doa\u00e7\u00f5es. Se voc\u00ea ainda n\u00e3o conhece o trabalho dela vale a pena conferir seu maior hit<em> &#8220;Perigosa&#8221;<\/em> mas principalmente seu \u00faltimo single<em> &#8220;Rebuceteio&#8221;<\/em> um funk\u00e3o que fala sobre relacionamentos entre mulheres.<\/p>\n<p><iframe loading=\"lazy\" title=\"Lolla - Rebuceteio\" width=\"880\" height=\"495\" src=\"https:\/\/www.youtube.com\/embed\/Lm0gYgESxuo?feature=oembed\" frameborder=\"0\" allow=\"accelerometer; autoplay; clipboard-write; encrypted-media; gyroscope; picture-in-picture\" allowfullscreen><\/iframe><\/p>\n<p>Empoderada e voz ativa do movimento LGBT+, Lolla \u00e9 engajada nas causas sociais e foi convidada nesse carnaval como madrinha do bloco<em> \u201cSuvaco da Sereia\u201d<\/em>, o primeiro bloco LGBTQ+ da Ilha do Governador, no Rio de Janeiro. <em>\u201c\u00c9 o meu mundo, minha comunidade, minha segunda fam\u00edlia, minha identidade\u2026 Como todas as fam\u00edlias n\u00e3o \u00e9 perfeita, mas \u00e9 l\u00e1 meu porto seguro.\u201d<\/em>, finaliza Lolla.<\/p>\n<p>&nbsp;<\/p>","protected":false},"excerpt":{"rendered":"<p>Depois de um fim de semana repleto de lives #pride a Segunda-feira (27) n\u00e3o ser\u00e1 diferente. Lolla que j\u00e1 \u00e9 figurinha carimbada das Paradas por todo estado do RJ, sempre muito militante achou o momento ideal pra fazer sua primeira live no Youtube. Ela entrar\u00e1 ao vivo \u00e0s 20h cantando mas tbm promete muitas surpresas [&hellip;]<\/p>\n","protected":false},"author":1,"featured_media":56939,"comment_status":"closed","ping_status":"open","sticky":false,"template":"","format":"standard","meta":{"footnotes":""},"categories":[154],"tags":[],"class_list":["post-56937","post","type-post","status-publish","format-standard","has-post-thumbnail","hentry","category-musica"],"_links":{"self":[{"href":"https:\/\/portalpopmais.com.br\/en\/wp-json\/wp\/v2\/posts\/56937","targetHints":{"allow":["GET"]}}],"collection":[{"href":"https:\/\/portalpopmais.com.br\/en\/wp-json\/wp\/v2\/posts"}],"about":[{"href":"https:\/\/portalpopmais.com.br\/en\/wp-json\/wp\/v2\/types\/post"}],"author":[{"embeddable":true,"href":"https:\/\/portalpopmais.com.br\/en\/wp-json\/wp\/v2\/users\/1"}],"replies":[{"embeddable":true,"href":"https:\/\/portalpopmais.com.br\/en\/wp-json\/wp\/v2\/comments?post=56937"}],"version-history":[{"count":0,"href":"https:\/\/portalpopmais.com.br\/en\/wp-json\/wp\/v2\/posts\/56937\/revisions"}],"wp:attachment":[{"href":"https:\/\/portalpopmais.com.br\/en\/wp-json\/wp\/v2\/media?parent=56937"}],"wp:term":[{"taxonomy":"category","embeddable":true,"href":"https:\/\/portalpopmais.com.br\/en\/wp-json\/wp\/v2\/categories?post=56937"},{"taxonomy":"post_tag","embeddable":true,"href":"https:\/\/portalpopmais.com.br\/en\/wp-json\/wp\/v2\/tags?post=56937"}],"curies":[{"name":"wp","href":"https:\/\/api.w.org\/{rel}","templated":true}]}}