{"id":57246,"date":"2020-07-01T12:03:47","date_gmt":"2020-07-01T15:03:47","guid":{"rendered":"https:\/\/portalpopmais.wpcomstaging.com\/?p=57246"},"modified":"2020-07-01T12:03:47","modified_gmt":"2020-07-01T15:03:47","slug":"ludmilla-ava-max-elana-dara-e-pocah-estao-entre-as-atracoes-do-warner-pride-2020","status":"publish","type":"post","link":"https:\/\/portalpopmais.com.br\/en\/ludmilla-ava-max-elana-dara-e-pocah-estao-entre-as-atracoes-do-warner-pride-2020\/","title":{"rendered":"Ludmilla, Ava Max, Elana Dara e Pocah est\u00e3o entre as atra\u00e7\u00f5es do Warner Pride 2020"},"content":{"rendered":"<p>. Realizado anualmente pela\u00a0<strong>Warner Music Group<\/strong>\u00a0em todo o mundo, o<strong>\u00a0Warner Pride<\/strong>\u00a0visa chamar a aten\u00e7\u00e3o para o\u00a0<strong>Dia Internacional do Orgulho LGBTQIA+<\/strong>, celebrado no \u00faltimo 28 de junho. A edi\u00e7\u00e3o brasileira deste ano acontece totalmente em formato digital, no pr\u00f3ximo s\u00e1bado, 04 de julho.<\/p>\n<p>Transmitido pelo canal da\u00a0<strong>Warner Music Brasil<\/strong>\u00a0no YouTube, a partir das 18h, o evento re\u00fane artistas LGBTQIA+ e aliadxs da causa. A\u00a0<em>live<\/em>\u00a0ter\u00e1 apoio da Ame Digital, e toda a renda obtida por meio de doa\u00e7\u00f5es do p\u00fablico ser\u00e1 revertida para tr\u00eas institui\u00e7\u00f5es que atuam junto a grupos LGBTQIA+: Casa Nem, Casinha e Casa Chama.<\/p>\n<p>O\u00a0<em>lineup<\/em>\u00a0musical ter\u00e1 apresenta\u00e7\u00f5es de\u00a0<strong>Elana Dara<\/strong>,\u00a0<strong>Ludmilla<\/strong>,\u00a0<strong>Nick Cruz<\/strong>,\u00a0<strong>Pocah<\/strong>, da americana\u00a0<strong>Ava Max<\/strong>\u00a0e da dupla mexicana\u00a0<strong>Jesse &amp; Joy<\/strong>. Al\u00e9m das apresenta\u00e7\u00f5es,\u00a0<strong>Dua Lipa<\/strong>,\u00a0<strong>Ava Max<\/strong>\u00a0e muitos outros aliadxs e representantes da causa LGBTQIA+ deixar\u00e3o um recado especial para o p\u00fablico brasileiro. Com apresenta\u00e7\u00e3o do ator Silvero Pereira e roteiro de Alberto Pereira Jr., a transmiss\u00e3o exibe tamb\u00e9m paineis com o tema\u00a0<strong>&#8220;Transforma\u00e7\u00e3o e (novos) Desafios para a comunidade LGBTQIA+<\/strong>&#8220;. Mediados por Silvetty Montilla e Bielo Pereira, os paineis contam com a participa\u00e7\u00e3o de Aretha Sadick, Paulo Vaz, Carol Caixeta, Lucas Raniel, Cris Naumovs, Spartakus Santiago, Neon Cunha e Luca Scarpelli. O p\u00fablico, de casa, poder\u00e1 interagir por meio da\u00a0<em>hashtag<\/em>\u00a0<strong>#LiveWarnerPride<\/strong>.<\/p>\n<p>&nbsp;<\/p>\n<p><strong>Dia Internacional do Orgulho LGBTQIA+:<\/strong><\/p>\n<p>Celebrado mundialmente, o Dia do Orgulho LGBTQIA+ relembra um epis\u00f3dio ocorrido em Nova York, em 1969, quando frequentadores do bar Stonewall Inn reagiram \u00e0 repress\u00e3o policial que ocorria regularmente no local. O levante resultou na 1\u00aa Parada do Orgulho LGBTQIA+ no ano seguinte.<\/p>\n<p>No Brasil, segundo dados da ONG Grupo Gay da Bahia, 329 crimes violentos contra \u00a0LGBTQIA+ ocorreram em 2019. Esses dados revelam que, a cada 26 horas, um LGBTQIA+ \u00e9 assassinadx ou se suicida no pa\u00eds, o que torna o Brasil campe\u00e3o mundial de crime contra minorias sexuais.<\/p>\n<p><strong>Lineup shows:<\/strong><br \/>\n<strong>(em ordem de apresenta\u00e7\u00e3o)<\/strong><\/p>\n<p>Nick Cruz<br \/>\nElana Dara<br \/>\nJesse &amp; Joy<br \/>\nAva Max<br \/>\nPocah<br \/>\nLudmilla<\/p>\n<p><strong>Painel 1<\/strong><br \/>\nMediado por\u00a0<strong>Silvetty Montilla<\/strong>\u00a0(@silvettymontilla): Ator transformista<\/p>\n<p>Convidadxs:<br \/>\n<strong>Aretha Sadick<\/strong>\u00a0(@arethasadick): Atriz, modelo e cantora.<br \/>\n<strong>Paulo Vaz<\/strong>\u00a0(@popo_vaz): Policial e digital speaker.<br \/>\n<strong>Carol Caixeta<\/strong>\u00a0(@carolcaixeta): Publicit\u00e1ria e sapat\u00e3o.<br \/>\n<strong>Lucas Raniel<\/strong>\u00a0(@lucasraniel_): Comunicador e ativista pela educa\u00e7\u00e3o sexual.<\/p>\n<p><strong>Painel 2<\/strong><br \/>\nMediado por\u00a0<strong>Bielo Pereira<\/strong>\u00a0(@HelloBielo): Apresentadora, empres\u00e1ria e influenciadora de positividade.<\/p>\n<p>Convidadxs:<br \/>\n<strong>Cris Naumovs<\/strong>\u00a0(@crisnaumovs): Consultora de criatividade e conte\u00fado<br \/>\n<strong>Spartakus Santiago<\/strong>\u00a0(@spartakus): YouTuber, Apresentador do Canal Futura, colunista do GNT e M\u00eddia Ninja.<br \/>\n<strong>Neon Cunha<\/strong>\u00a0(@neoncunha): Ativista independente articulando junto \u00e0 Marcha das Mulheres Negras de S\u00e3o Paulo.<br \/>\n<strong>Luca Scarpelli<\/strong>\u00a0(@transdiario): Publicit\u00e1rio e criador do canal Transdi\u00e1rio.<\/p>\n<p>Apresentador:\u00a0<strong>Silvero Pereira<\/strong>\u00a0(@silveropereira) \u2013 Ator e cantor<br \/>\nRoteiro:\u00a0<strong>Alberto Pereira Jr<\/strong>. (@albertopereirajr) \u2013 Artista social, jornalista e ativista negro, LGBTQIA+ e positivo.<\/p>","protected":false},"excerpt":{"rendered":"<p>. Realizado anualmente pela\u00a0Warner Music Group\u00a0em todo o mundo, o\u00a0Warner Pride\u00a0visa chamar a aten\u00e7\u00e3o para o\u00a0Dia Internacional do Orgulho LGBTQIA+, celebrado no \u00faltimo 28 de junho. A edi\u00e7\u00e3o brasileira deste ano acontece totalmente em formato digital, no pr\u00f3ximo s\u00e1bado, 04 de julho. Transmitido pelo canal da\u00a0Warner Music Brasil\u00a0no YouTube, a partir das 18h, o evento [&hellip;]<\/p>\n","protected":false},"author":1,"featured_media":57250,"comment_status":"closed","ping_status":"open","sticky":false,"template":"","format":"standard","meta":{"footnotes":""},"categories":[154],"tags":[338,191],"class_list":["post-57246","post","type-post","status-publish","format-standard","has-post-thumbnail","hentry","category-musica","tag-ludmilla","tag-pocah"],"_links":{"self":[{"href":"https:\/\/portalpopmais.com.br\/en\/wp-json\/wp\/v2\/posts\/57246","targetHints":{"allow":["GET"]}}],"collection":[{"href":"https:\/\/portalpopmais.com.br\/en\/wp-json\/wp\/v2\/posts"}],"about":[{"href":"https:\/\/portalpopmais.com.br\/en\/wp-json\/wp\/v2\/types\/post"}],"author":[{"embeddable":true,"href":"https:\/\/portalpopmais.com.br\/en\/wp-json\/wp\/v2\/users\/1"}],"replies":[{"embeddable":true,"href":"https:\/\/portalpopmais.com.br\/en\/wp-json\/wp\/v2\/comments?post=57246"}],"version-history":[{"count":0,"href":"https:\/\/portalpopmais.com.br\/en\/wp-json\/wp\/v2\/posts\/57246\/revisions"}],"wp:attachment":[{"href":"https:\/\/portalpopmais.com.br\/en\/wp-json\/wp\/v2\/media?parent=57246"}],"wp:term":[{"taxonomy":"category","embeddable":true,"href":"https:\/\/portalpopmais.com.br\/en\/wp-json\/wp\/v2\/categories?post=57246"},{"taxonomy":"post_tag","embeddable":true,"href":"https:\/\/portalpopmais.com.br\/en\/wp-json\/wp\/v2\/tags?post=57246"}],"curies":[{"name":"wp","href":"https:\/\/api.w.org\/{rel}","templated":true}]}}