{"id":57363,"date":"2020-07-02T12:52:10","date_gmt":"2020-07-02T15:52:10","guid":{"rendered":"https:\/\/portalpopmais.wpcomstaging.com\/?p=57363"},"modified":"2020-07-02T12:52:10","modified_gmt":"2020-07-02T15:52:10","slug":"anitta-libera-pre-save-de-tocame-primeiro-single-do-seu-novo-disco","status":"publish","type":"post","link":"https:\/\/portalpopmais.com.br\/en\/anitta-libera-pre-save-de-tocame-primeiro-single-do-seu-novo-disco\/","title":{"rendered":"Anitta libera pr\u00e9-save de &#8220;T\u00f3came&#8221;, primeiro single do seu novo disco"},"content":{"rendered":"<p>Falta apenas uma semana para o lan\u00e7amento de<em> &#8220;T\u00f3came&#8221;<\/em>, novo single de <strong>Anitta<\/strong> e primeiro do seu pr\u00f3ximo \u00e1lbum, chamado at\u00e9 ent\u00e3o de<em> &#8220;A5&#8221;.<\/em><\/p>\n<p>A faixa, direcionada ao mercado internacional, traz ainda a participa\u00e7\u00e3o dos rappers <strong>Arcangel<\/strong> e <strong>De La Ghetto<\/strong>. Fa\u00e7a o pr\u00e9-save <a href=\"http:\/\/anitta.lnk.to\/Reveal\" target=\"_blank\" rel=\"noopener\">clicando aqui.<\/a><\/p>\n<p>Vale ressaltar que a faixa estava prevista para 12 de junho, Dia dos Namorados no Brasil, por\u00e9m foi adiada j\u00e1 que n\u00e3o houve uma divulga\u00e7\u00e3o adequada da can\u00e7\u00e3o em territ\u00f3rio brasileiro. <em>&#8220;Pedi para a equipe bolar uma divulga\u00e7\u00e3o para meus f\u00e3s brasileiros. Fiz eles entenderem o qu\u00e3o eles s\u00e3o importantes para mim. Por isso, vamos adiar&#8221;,<\/em> disse Anitta via Stories ao justificar o cancelamento do lan\u00e7amento.<\/p>\n<p>Este tamb\u00e9m ser\u00e1 o primeiro lan\u00e7amento da brasileiro sob o selo da Warner Records, divis\u00e3o estadunidense da Warner Music, gravadora com a qual Anitta trabalha desde o in\u00edcio da carreira.<\/p>\n<p>Veja a capa abaixo:<\/p>\n<blockquote class=\"twitter-tweet\" data-width=\"550\" data-dnt=\"true\">\n<p lang=\"pt\" dir=\"ltr\">CORRE ANITTER! <a href=\"https:\/\/twitter.com\/Anitta?ref_src=twsrc%5Etfw\" target=\"_blank\" rel=\"noopener\">@Anitta<\/a> libera link do pr\u00e9-save do futuro smash <a href=\"https:\/\/twitter.com\/hashtag\/Tocame?src=hash&amp;ref_src=twsrc%5Etfw\" target=\"_blank\" rel=\"noopener\">#Tocame<\/a>, primeiro single do novo \u00e1lbum de La Reina. Vem: <a href=\"https:\/\/t.co\/9lU7fp1QBc\">https:\/\/t.co\/9lU7fp1QBc<\/a> <a href=\"https:\/\/t.co\/jqNUDR2nKF\">pic.twitter.com\/jqNUDR2nKF<\/a><\/p>\n<p>&mdash; POP Mais (@portalpopmais) <a href=\"https:\/\/twitter.com\/portalpopmais\/status\/1278715921541083138?ref_src=twsrc%5Etfw\" target=\"_blank\" rel=\"noopener\">July 2, 2020<\/a><\/p><\/blockquote>\n<p><script async src=\"https:\/\/platform.twitter.com\/widgets.js\" charset=\"utf-8\"><\/script><\/p>","protected":false},"excerpt":{"rendered":"<p>Falta apenas uma semana para o lan\u00e7amento de &#8220;T\u00f3came&#8221;, novo single de Anitta e primeiro do seu pr\u00f3ximo \u00e1lbum, chamado at\u00e9 ent\u00e3o de &#8220;A5&#8221;. A faixa, direcionada ao mercado internacional, traz ainda a participa\u00e7\u00e3o dos rappers Arcangel e De La Ghetto. Fa\u00e7a o pr\u00e9-save clicando aqui. Vale ressaltar que a faixa estava prevista para 12 [&hellip;]<\/p>\n","protected":false},"author":1,"featured_media":55245,"comment_status":"closed","ping_status":"open","sticky":false,"template":"","format":"standard","meta":{"footnotes":""},"categories":[154],"tags":[167,3975],"class_list":["post-57363","post","type-post","status-publish","format-standard","has-post-thumbnail","hentry","category-musica","tag-anitta","tag-anitta-tocame"],"_links":{"self":[{"href":"https:\/\/portalpopmais.com.br\/en\/wp-json\/wp\/v2\/posts\/57363","targetHints":{"allow":["GET"]}}],"collection":[{"href":"https:\/\/portalpopmais.com.br\/en\/wp-json\/wp\/v2\/posts"}],"about":[{"href":"https:\/\/portalpopmais.com.br\/en\/wp-json\/wp\/v2\/types\/post"}],"author":[{"embeddable":true,"href":"https:\/\/portalpopmais.com.br\/en\/wp-json\/wp\/v2\/users\/1"}],"replies":[{"embeddable":true,"href":"https:\/\/portalpopmais.com.br\/en\/wp-json\/wp\/v2\/comments?post=57363"}],"version-history":[{"count":0,"href":"https:\/\/portalpopmais.com.br\/en\/wp-json\/wp\/v2\/posts\/57363\/revisions"}],"wp:featuredmedia":[{"embeddable":true,"href":"https:\/\/portalpopmais.com.br\/en\/wp-json\/wp\/v2\/media\/55245"}],"wp:attachment":[{"href":"https:\/\/portalpopmais.com.br\/en\/wp-json\/wp\/v2\/media?parent=57363"}],"wp:term":[{"taxonomy":"category","embeddable":true,"href":"https:\/\/portalpopmais.com.br\/en\/wp-json\/wp\/v2\/categories?post=57363"},{"taxonomy":"post_tag","embeddable":true,"href":"https:\/\/portalpopmais.com.br\/en\/wp-json\/wp\/v2\/tags?post=57363"}],"curies":[{"name":"wp","href":"https:\/\/api.w.org\/{rel}","templated":true}]}}