{"id":58136,"date":"2020-07-07T19:04:37","date_gmt":"2020-07-07T22:04:37","guid":{"rendered":"https:\/\/portalpopmais.wpcomstaging.com\/?p=58136"},"modified":"2020-07-07T19:04:37","modified_gmt":"2020-07-07T22:04:37","slug":"live-safadao-e-xand","status":"publish","type":"post","link":"https:\/\/portalpopmais.com.br\/en\/live-safadao-e-xand\/","title":{"rendered":"Wesley Safad\u00e3o e Xand Avi\u00e3o se unem na live &#8220;Tamo Junto&#8221; no pr\u00f3ximo s\u00e1bado (11)"},"content":{"rendered":"<p>Unir pessoas tem sido o grande desafio da quarentena. Pensando nisso,\u00a0<strong>Wesley Safad\u00e3o<\/strong>\u00a0e\u00a0<strong>Xand Avi\u00e3o<\/strong>\u00a0decidiram atender o pedido dos internautas e realizar a live do projeto\u00a0<strong>&#8220;Tamo Junto<\/strong><strong>\u201d<\/strong>, levando para a transmiss\u00e3o ao vivo toda a energia dos shows apresentados em conjunto pelos artistas e que j\u00e1 arrastaram multid\u00f5es pelo Brasil. O encontro do fen\u00f4meno Safad\u00e3o com o comandante da na\u00e7\u00e3o avi\u00e3ozeira, Xand, j\u00e1 est\u00e1 com dia e hora marcados: 11 de julho, \u00e0s 20h.<\/p>\n<p>Por meio da uni\u00e3o destes dois grandes artistas, o Nordeste atravessar\u00e1 fronteiras para levar muita alegria a todo o pa\u00eds. O conceito do projeto \u00e9 lembrar que a dist\u00e2ncia pode unir e a conex\u00e3o entre as pessoas \u00e9 a grande proposta destes dois \u00edcones da m\u00fasica nordestina, que estar\u00e3o juntos para incentivar seus f\u00e3s a se aproximarem, mesmo distantes.<\/p>\n<p><em>&#8220;Estou bem animado para essa live, eu e Xand preparamos muita coisa legal para todo mundo. N\u00e3o sei quanto tempo vamos cantar, mas tenho g<\/em><em>\u00e1<\/em><em>s para 10h, f<\/em><em>\u00e1<\/em><em>cil&#8221;,<\/em>\u00a0comenta Safad\u00e3o.<\/p>\n<p>No repert\u00f3rio n\u00e3o faltar\u00e3o os sucessos que consolidaram a trajet\u00f3ria desses dois expoentes do cen\u00e1rio musical, como hits do EP &#8220;<strong><a href=\"https:\/\/somlivre.lnk.to\/Vem_X_Ai\" target=\"_blank\" rel=\"noopener noreferrer\">Vem X Ai<\/a><\/strong>&#8220;, de Xand Avi\u00e3o, e do DVD &#8220;<a href=\"https:\/\/somlivre.lnk.to\/WS_Em_Casa_2\" target=\"_blank\" rel=\"noopener noreferrer\"><strong>WS em Casa 2<\/strong><\/a>&#8220;, de Wesley Safad\u00e3o, ambos lan\u00e7ados pela Som Livre.<\/p>\n<p><em>\u201cRapaz, eu t\u00f4 mais que ansioso para este encontro, por ter muito respeito pelo Wesley e por poder dividir este momento com p\u00fablico. O que vai rolar? S\u00f3 coisa boa, energia positiva e m\u00fasica e m\u00fasica, porque \u00e9 essa nossa paix\u00e3o\u201d, diz Xand.<\/em><\/p>\n<p>O humor n\u00e3o ficar\u00e1 de fora desta noite t\u00e3o especial e aguardada. O comediante Tirullipa, que j\u00e1 virou personagem nas transmiss\u00f5es, estrar\u00e1 \u00e0 frente da divers\u00e3o. Al\u00e9m de tudo isso e muitas outras surpresas que v\u00e3o impactar o p\u00fablico, a live vai arrecadar alimentos e insumos para o pr\u00f3prio Beach Park, que mant\u00e9m um projeto social que ajuda as comunidades da regi\u00e3o de Aquiraz, onde milhares de fam\u00edlias vivem do turismo.<\/p>\n<p>Vale ressaltar que toda estrutura para essa noite de tanta amizade e uni\u00e3o respeitar\u00e1 as normas de seguran\u00e7a das autoridades de sa\u00fade e, como de costume, trabalhar\u00e1 com uma equipe reduzida e alternada para evitar aglomera\u00e7\u00f5es. Dentre os cuidados estipulados, est\u00e1 um cronograma di\u00e1rio e detalhado para cada departamento, que prev\u00ea em um dia a produ\u00e7\u00e3o do cen\u00e1rio, no outro a ilumina\u00e7\u00e3o, e assim por diante.<\/p>\n<p>Avise os amigos e ative as notifica\u00e7\u00f5es porque s\u00e1bado \u00e0 noite entra no ar a live que ficar\u00e1 na hist\u00f3ria do forr\u00f3:\u00a0<strong>&#8220;Tamo Junto<\/strong><strong>\u201d<\/strong>.<\/p>\n<p>&nbsp;<\/p>\n<p><strong>Live \u201cTamo Junto\u201d &#8211; Wesley Safad\u00e3o e Xand Avi\u00e3o<\/strong><\/p>\n<p>&#8211; Data: 11\/07\/2020<\/p>\n<p>&#8211; Hor\u00e1rio: 20h<\/p>\n<p>&#8211; Transmiss\u00e3o:<\/p>\n<p><a href=\"https:\/\/www.youtube.com\/wesleysafadao\" target=\"_blank\" rel=\"noopener noreferrer\">https:\/\/www.youtube.com\/wesleysafadao<\/a><\/p>\n<p><a href=\"https:\/\/www.youtube.com\/user\/A3AVIOESDOFORRO\" target=\"_blank\" rel=\"noopener noreferrer\">https:\/\/www.youtube.com\/user\/A3AVIOESDOFORRO<\/a><\/p>","protected":false},"excerpt":{"rendered":"<p>Unir pessoas tem sido o grande desafio da quarentena. Pensando nisso,\u00a0Wesley Safad\u00e3o\u00a0e\u00a0Xand Avi\u00e3o\u00a0decidiram atender o pedido dos internautas e realizar a live do projeto\u00a0&#8220;Tamo Junto\u201d, levando para a transmiss\u00e3o ao vivo toda a energia dos shows apresentados em conjunto pelos artistas e que j\u00e1 arrastaram multid\u00f5es pelo Brasil. O encontro do fen\u00f4meno Safad\u00e3o com o [&hellip;]<\/p>\n","protected":false},"author":1,"featured_media":58138,"comment_status":"closed","ping_status":"open","sticky":false,"template":"","format":"standard","meta":{"footnotes":""},"categories":[154],"tags":[221,4067],"class_list":["post-58136","post","type-post","status-publish","format-standard","has-post-thumbnail","hentry","category-musica","tag-wesley-safadao","tag-xand-aviao"],"_links":{"self":[{"href":"https:\/\/portalpopmais.com.br\/en\/wp-json\/wp\/v2\/posts\/58136","targetHints":{"allow":["GET"]}}],"collection":[{"href":"https:\/\/portalpopmais.com.br\/en\/wp-json\/wp\/v2\/posts"}],"about":[{"href":"https:\/\/portalpopmais.com.br\/en\/wp-json\/wp\/v2\/types\/post"}],"author":[{"embeddable":true,"href":"https:\/\/portalpopmais.com.br\/en\/wp-json\/wp\/v2\/users\/1"}],"replies":[{"embeddable":true,"href":"https:\/\/portalpopmais.com.br\/en\/wp-json\/wp\/v2\/comments?post=58136"}],"version-history":[{"count":0,"href":"https:\/\/portalpopmais.com.br\/en\/wp-json\/wp\/v2\/posts\/58136\/revisions"}],"wp:attachment":[{"href":"https:\/\/portalpopmais.com.br\/en\/wp-json\/wp\/v2\/media?parent=58136"}],"wp:term":[{"taxonomy":"category","embeddable":true,"href":"https:\/\/portalpopmais.com.br\/en\/wp-json\/wp\/v2\/categories?post=58136"},{"taxonomy":"post_tag","embeddable":true,"href":"https:\/\/portalpopmais.com.br\/en\/wp-json\/wp\/v2\/tags?post=58136"}],"curies":[{"name":"wp","href":"https:\/\/api.w.org\/{rel}","templated":true}]}}