{"id":58251,"date":"2020-07-08T21:39:31","date_gmt":"2020-07-09T00:39:31","guid":{"rendered":"https:\/\/portalpopmais.wpcomstaging.com\/?p=58251"},"modified":"2020-07-08T21:39:31","modified_gmt":"2020-07-09T00:39:31","slug":"bolsonaro-diz-que-usar-mascara-e-coisa-de-viado-e-gera-revolta","status":"publish","type":"post","link":"https:\/\/portalpopmais.com.br\/en\/bolsonaro-diz-que-usar-mascara-e-coisa-de-viado-e-gera-revolta\/","title":{"rendered":"Bolsonaro diz que &#8220;usar m\u00e1scara \u00e9 coisa de viado&#8221; e gera revolta"},"content":{"rendered":"<p>N\u00e3o \u00e9 de hoje que o presidente do Brasil, Jair Messias Bolsonaro, diagnosticado com covid-19, se recusa a usar m\u00e1scaras em eventos p\u00fablicos e na aglomera\u00e7\u00f5es que provoca pelo pa\u00eds. Atitudes que v\u00e3o contra o que recomendam m\u00e9dicos, profissionais de sa\u00fade e a Organiza\u00e7\u00e3o Mundial da Sa\u00fade (OMS).<\/p>\n<p>Agora, segundo a colunista M\u00f4nica Bergamo, do jornal Folha de S\u00e3o Paulo, o presidente afirmava \u00e0 diversas pessoas ao seu redor, que o uso de mascaras em p\u00fablico era \u201ccoisa de viado.\u201d<\/p>\n<p>Na coluna, a jornalista ainda garante que o chefe do executivo teria dito na mesma ocasi\u00e3o a um dos visitantes que o \u201cmedo\u201d que ele aparentava ter da contamina\u00e7\u00e3o era \u201cbesteira\u201d.<\/p>\n<p>Ap\u00f3s a supostas declara\u00e7\u00f5es do mandat\u00e1rio do pa\u00eds, v\u00e1rios pol\u00edticos e famosos vieram manifestar profundo descontentamento com a atitude do presidente. O deputado federal pelo PSOL, David Miranda, foi um dos primeiros a comentar sobre o assunto<\/p>\n<p><em>\u201cN\u00e3o, Bolsonaro, usar m\u00e1scara n\u00e3o \u00e9 coisa s\u00f3 de \u201cviado\u201d. \u00c9 coisa de quem tem consci\u00eancia da gravidade do momento que estamos passando. De quem tem empatia e amor \u00e0 vida. Coisa que, sabemos, um genocida como voc\u00ea nunca teve! Te faria bem aprender algo com os viados.\u201d<\/em><\/p>\n<blockquote class=\"twitter-tweet\" data-width=\"550\" data-dnt=\"true\">\n<p lang=\"pt\" dir=\"ltr\">N\u00e3o, Bolsonaro, usar m\u00e1scara n\u00e3o \u00e9 coisa s\u00f3 de \u201cviado\u201d. \u00c9 coisa de quem tem consci\u00eancia da gravidade do momento que estamos passando. De quem tem empatia e amor \u00e0 vida. Coisa que, sabemos, um genocida como voc\u00ea nunca teve! Te faria bem aprender algo com os viados.<\/p>\n<p>&mdash; David Miranda (@davidmirandario) <a href=\"https:\/\/twitter.com\/davidmirandario\/status\/1280845753351573504?ref_src=twsrc%5Etfw\" target=\"_blank\" rel=\"noopener\">July 8, 2020<\/a><\/p><\/blockquote>\n<p><script async src=\"https:\/\/platform.twitter.com\/widgets.js\" charset=\"utf-8\"><\/script><\/p>","protected":false},"excerpt":{"rendered":"<p>N\u00e3o \u00e9 de hoje que o presidente do Brasil, Jair Messias Bolsonaro, diagnosticado com covid-19, se recusa a usar m\u00e1scaras em eventos p\u00fablicos e na aglomera\u00e7\u00f5es que provoca pelo pa\u00eds. Atitudes que v\u00e3o contra o que recomendam m\u00e9dicos, profissionais de sa\u00fade e a Organiza\u00e7\u00e3o Mundial da Sa\u00fade (OMS). Agora, segundo a colunista M\u00f4nica Bergamo, do [&hellip;]<\/p>\n","protected":false},"author":3,"featured_media":58253,"comment_status":"closed","ping_status":"open","sticky":false,"template":"","format":"standard","meta":{"footnotes":""},"categories":[173],"tags":[477,2222],"class_list":["post-58251","post","type-post","status-publish","format-standard","has-post-thumbnail","hentry","category-celebridades","tag-bolsonaro","tag-coronavirus"],"_links":{"self":[{"href":"https:\/\/portalpopmais.com.br\/en\/wp-json\/wp\/v2\/posts\/58251","targetHints":{"allow":["GET"]}}],"collection":[{"href":"https:\/\/portalpopmais.com.br\/en\/wp-json\/wp\/v2\/posts"}],"about":[{"href":"https:\/\/portalpopmais.com.br\/en\/wp-json\/wp\/v2\/types\/post"}],"author":[{"embeddable":true,"href":"https:\/\/portalpopmais.com.br\/en\/wp-json\/wp\/v2\/users\/3"}],"replies":[{"embeddable":true,"href":"https:\/\/portalpopmais.com.br\/en\/wp-json\/wp\/v2\/comments?post=58251"}],"version-history":[{"count":0,"href":"https:\/\/portalpopmais.com.br\/en\/wp-json\/wp\/v2\/posts\/58251\/revisions"}],"wp:featuredmedia":[{"embeddable":true,"href":"https:\/\/portalpopmais.com.br\/en\/wp-json\/"}],"wp:attachment":[{"href":"https:\/\/portalpopmais.com.br\/en\/wp-json\/wp\/v2\/media?parent=58251"}],"wp:term":[{"taxonomy":"category","embeddable":true,"href":"https:\/\/portalpopmais.com.br\/en\/wp-json\/wp\/v2\/categories?post=58251"},{"taxonomy":"post_tag","embeddable":true,"href":"https:\/\/portalpopmais.com.br\/en\/wp-json\/wp\/v2\/tags?post=58251"}],"curies":[{"name":"wp","href":"https:\/\/api.w.org\/{rel}","templated":true}]}}