{"id":58261,"date":"2020-07-08T22:30:25","date_gmt":"2020-07-09T01:30:25","guid":{"rendered":"https:\/\/portalpopmais.wpcomstaging.com\/?p=58261"},"modified":"2020-07-08T22:30:25","modified_gmt":"2020-07-09T01:30:25","slug":"o-mundo-sombrio-de-sabrina-e-cancelada-pela-netflix","status":"publish","type":"post","link":"https:\/\/portalpopmais.com.br\/en\/o-mundo-sombrio-de-sabrina-e-cancelada-pela-netflix\/","title":{"rendered":"&#8220;O Mundo Sombrio de Sabrina&#8221; \u00e9 cancelada pela Netflix"},"content":{"rendered":"<p>Uma das s\u00e9ries de maior sucesso atualmente ,<em> &#8220;O Mundo Sombrio de Sabrina&#8221;<\/em> est\u00e1 com os dias contados. A <strong>Netflix<\/strong> anunciou que a quarta temporada tamb\u00e9m ser\u00e1 a \u00faltima da atra\u00e7\u00e3o.<\/p>\n<blockquote class=\"twitter-tweet\" data-width=\"550\" data-dnt=\"true\">\n<p lang=\"pt\" dir=\"ltr\">Eu j\u00e1 t\u00f4 bem pronta pra uma \u00faltima aventura. A parte final de O Mundo Sombrio de Sabrina chega ainda esse ano, e s\u00f3 de ver essas fotos j\u00e1 sei que vai ser boa demais \ud83d\ude08 <a href=\"https:\/\/t.co\/7mrslhfFQG\">pic.twitter.com\/7mrslhfFQG<\/a><\/p>\n<p>&mdash; netflixbrasil (@NetflixBrasil) <a href=\"https:\/\/twitter.com\/NetflixBrasil\/status\/1281029857036640258?ref_src=twsrc%5Etfw\" target=\"_blank\" rel=\"noopener\">July 9, 2020<\/a><\/p><\/blockquote>\n<p><script async src=\"https:\/\/platform.twitter.com\/widgets.js\" charset=\"utf-8\"><\/script><\/p>\n<p><em>\u201cTrabalhar em O Mundo Sombrio de Sabrina foi uma honra incr\u00edvel desde o primeiro dia\u201d,<\/em> disse o\u00a0<em>showrunner<\/em>\u00a0<strong>Roberto Aguirre-Sacasa<\/strong>\u00a0em comunicado \u00e0 TVLine. <em>\u201cO elenco, come\u00e7ando com Kiernan como a bruxa adolescente favorita de todos, foi uma alegria absoluta\u201d.<\/em><\/p>\n<p>A \u00faltima temporada chega ao servi\u00e7o de streaming no final de 2020, com oito epis\u00f3dios.<\/p>","protected":false},"excerpt":{"rendered":"<p>Uma das s\u00e9ries de maior sucesso atualmente , &#8220;O Mundo Sombrio de Sabrina&#8221; est\u00e1 com os dias contados. A Netflix anunciou que a quarta temporada tamb\u00e9m ser\u00e1 a \u00faltima da atra\u00e7\u00e3o. Eu j\u00e1 t\u00f4 bem pronta pra uma \u00faltima aventura. A parte final de O Mundo Sombrio de Sabrina chega ainda esse ano, e s\u00f3 [&hellip;]<\/p>\n","protected":false},"author":1,"featured_media":58266,"comment_status":"closed","ping_status":"open","sticky":false,"template":"","format":"standard","meta":{"footnotes":""},"categories":[174],"tags":[231,753],"class_list":["post-58261","post","type-post","status-publish","format-standard","has-post-thumbnail","hentry","category-filmes-series","tag-netflix","tag-o-mundo-sombrio-de-sabrina"],"_links":{"self":[{"href":"https:\/\/portalpopmais.com.br\/en\/wp-json\/wp\/v2\/posts\/58261","targetHints":{"allow":["GET"]}}],"collection":[{"href":"https:\/\/portalpopmais.com.br\/en\/wp-json\/wp\/v2\/posts"}],"about":[{"href":"https:\/\/portalpopmais.com.br\/en\/wp-json\/wp\/v2\/types\/post"}],"author":[{"embeddable":true,"href":"https:\/\/portalpopmais.com.br\/en\/wp-json\/wp\/v2\/users\/1"}],"replies":[{"embeddable":true,"href":"https:\/\/portalpopmais.com.br\/en\/wp-json\/wp\/v2\/comments?post=58261"}],"version-history":[{"count":0,"href":"https:\/\/portalpopmais.com.br\/en\/wp-json\/wp\/v2\/posts\/58261\/revisions"}],"wp:featuredmedia":[{"embeddable":true,"href":"https:\/\/portalpopmais.com.br\/en\/wp-json\/"}],"wp:attachment":[{"href":"https:\/\/portalpopmais.com.br\/en\/wp-json\/wp\/v2\/media?parent=58261"}],"wp:term":[{"taxonomy":"category","embeddable":true,"href":"https:\/\/portalpopmais.com.br\/en\/wp-json\/wp\/v2\/categories?post=58261"},{"taxonomy":"post_tag","embeddable":true,"href":"https:\/\/portalpopmais.com.br\/en\/wp-json\/wp\/v2\/tags?post=58261"}],"curies":[{"name":"wp","href":"https:\/\/api.w.org\/{rel}","templated":true}]}}