{"id":58370,"date":"2020-07-09T16:46:16","date_gmt":"2020-07-09T19:46:16","guid":{"rendered":"https:\/\/portalpopmais.wpcomstaging.com\/?p=58370"},"modified":"2020-07-09T16:46:16","modified_gmt":"2020-07-09T19:46:16","slug":"prettos-lanca-album-mais-autentico-da-carreira","status":"publish","type":"post","link":"https:\/\/portalpopmais.com.br\/en\/prettos-lanca-album-mais-autentico-da-carreira\/","title":{"rendered":"Prettos lan\u00e7a \u00e1lbum mais aut\u00eantico da carreira"},"content":{"rendered":"<p dir=\"ltr\">Olhar para dentro de si e explorar todas as habilidades internas tem sido um grande diferencial e uma grande ferramenta para os artistas nos \u00faltimos tempos. O momento pede reinven\u00e7\u00e3o e <strong>Magnu Sous\u00e1 <\/strong>e<strong> Maur\u00edlio de Oliveira<\/strong> (<strong>Prettos<\/strong>) decidiram embarcar em uma jornada de autoconhecimento art\u00edstico assinado a duas m\u00e3os: o segundo \u00e1lbum intitulado Novo Viver, que chega em todas as plataformas na quinta, dia 9 de julho. A dupla tamb\u00e9m realiza a primeira apresenta\u00e7\u00e3o do novo trabalho em uma live realizada no mesmo dia, \u00e0s 20h, no <a href=\"https:\/\/www.youtube.com\/user\/PrettosOficial\" target=\"_blank\" rel=\"noopener\">canal dos Prettos no YouTube<\/a>. Os irm\u00e3os, al\u00e9m de assinarem a maioria das composi\u00e7\u00f5es do CD, tamb\u00e9m foram respons\u00e1veis por todo o processo de concep\u00e7\u00e3o, arranjos, grava\u00e7\u00e3o, edi\u00e7\u00e3o, instrumenta\u00e7\u00e3o e p\u00f3s produ\u00e7\u00e3o, trazendo participa\u00e7\u00f5es especiais apenas dos m\u00fasicos Luizinho 7 Cordas no viol\u00e3o de 7 cordas, L\u00e9o Carvalho na bateria e Cassiano Andrade na cu\u00edca, repinique e congas.<\/p>\n<p dir=\"ltr\">Primeira faixa do \u00e1lbum, Novo Viver \u00e9 um samba exalta\u00e7\u00e3o composto em 2001 pela dupla, inspirado na gratid\u00e3o aos velhos e novos sambistas que carregam e defendem a bandeira do g\u00eanero. Dona Do Poder, samba de partido alto sincopado composto em parceria com Peu Cavalcante e Marcelo Mattos, fala de uma garota cortejada e desejada por sua extrema beleza, exuber\u00e2ncia e, mais do que tudo, pela sua liberdade de ser o que deseja ser. Um marco na carreira da dupla, Sempre Acesa ganha uma releitura no novo trabalho. Composta por Luiz Carlos da Vila e Sombra para o primeiro \u00e1lbum do Quinteto em Branco e Preto, a can\u00e7\u00e3o contou com a participa\u00e7\u00e3o especial da madrinha Beth Carvalho na primeira grava\u00e7\u00e3o no ano 2000. Cabrochinha, samba de partido alto sincopado, homenageia a conhecida &#8220;cabrocha&#8221;, termo famoso no samba como maneira carinhosa e malandriada de apelidar as mulheres que o frequentam.<\/p>\n<p dir=\"ltr\">Patrim\u00f4nio Da Humanidade foi composta ap\u00f3s o samba carioca ser declarado como Patrim\u00f4nio Cultural do Brasil, o que incentivou a dupla a ir em busca do mesmo reconhecimento para a cidade de S\u00e3o Paulo, j\u00e1 que essa \u00e9 uma cultura t\u00e3o presente em toda a realidade brasileira. Foi assim que o CONPRESP declarou o samba urbano de S\u00e3o Paulo como Patrim\u00f4nio Imaterial, rendendo aos Prettos a dire\u00e7\u00e3o art\u00edstica do inesquec\u00edvel show realizado com grandes nomes do Samba Brasileiro no Theatro Municipal de S\u00e3o Paulo. Se P\u00e1h \u00e9 a corruptela da d\u00favida, do &#8220;talvez&#8221;, &#8220;quem sabe&#8221;, &#8220;de repente&#8221;, termo muito usado nas periferias e quebradas, resguardado nos cora\u00e7\u00f5es daqueles que sofrem ao final de um relacionamento e se pegam perdidos, sem rumo para seguir. Composta em parceria com Nei Lopes, um Gri\u00f4 dos Baluartes da Cultura Negra, Xequer\u00e9 simboliza o legado do povo africano e suas tradi\u00e7\u00f5es, al\u00e9m de prestar suas homenagens ao povo baiano, muito bem embalado e chacoalhado. Outra can\u00e7\u00e3o rom\u00e2ntica da dupla Magnu e Maurilio da safra de 1993, Chama foi inspirada a partir dos famosos grupos de samba e pagode que tocavam no r\u00e1dio naquele tempo, como Fundo de Quintal, Sensa\u00e7\u00e3o, Katinguel\u00ea, Negritude Jr, Gr. Sampa, P\u00e9 de moleque, Reinaldo e outros.<\/p>\n<p dir=\"ltr\">Reveses \u00e9 uma conversa com Deus em que os autores &#8211; Maurilio de Oliveira e Edvaldo Galdino &#8211; pedem clem\u00eancia ao homem que, por sua vez, destr\u00f3i a m\u00e3e natureza a partir de seus interesses materiais. Maria N\u00e3o Volta Mais, composta por Nino Miau e Chapinha, \u00e9 um samba de partido alto que conta a hist\u00f3ria da virada de jogo de Maria, esposa rejeitada e dispensada pelo marido prepotente. Uma cantiga de amigo, Desfez De Mim apresenta um eu-l\u00edrico feminino com um sentimento vingativo por conta de uma trai\u00e7\u00e3o, tra\u00e7ando um paralelo de inspira\u00e7\u00e3o com importantes m\u00fasicas: &#8220;Gota d&#8217;\u00e1gua&#8221; (Chico Buarque), &#8220;Lama&#8221; (Mauro Duarte) e &#8220;Planta Imortal&#8221; (Serafim Adriano). Para fechar o \u00e1lbum, a can\u00e7\u00e3o Quintal Dos Prettos homenageia o projeto hom\u00f4nimo idealizado por Magnu Sous\u00e1, Maur\u00edlio de Oliveira e Margareth Valentim. Sem utilizar aparatos tecnol\u00f3gicos e sonoriza\u00e7\u00e3o profissional, o Quintal \u00e9 muito mais que uma simples roda de samba: \u00e9 um aparelho de conscientiza\u00e7\u00e3o que exerce um papel fundamental de cidadania na sociedade, incentivando a arte, o empreendedorismo, a inicializa\u00e7\u00e3o musical, afirma\u00e7\u00e3o cultural e, \u00e9 claro, o entretenimento por meio da raiz do samba.<\/p>\n<p dir=\"ltr\">Bento Andreato \u00e9 o respons\u00e1vel pela capa do \u00e1lbum, seguindo o legado de seu pai, o mestre Elifas Andreato, reconhecido artista pl\u00e1stico e ilustrador de in\u00fameras capas de discos de vinil nos anos 70.<\/p>\n<p><iframe loading=\"lazy\" src=\"https:\/\/open.spotify.com\/embed?uri=spotify%3Aalbum%3A3jcVstiECBz8I7VNypwNqf\" width=\"700\" height=\"380\" frameborder=\"0\"><span data-mce-type=\"bookmark\" style=\"display: inline-block; width: 0px; overflow: hidden; line-height: 0;\" class=\"mce_SELRES_start\"><\/span><\/iframe><\/p>\n<p dir=\"ltr\"><strong>SOBRE PRETTOS<\/strong><\/p>\n<p dir=\"ltr\">Magnu Sous\u00e1 e Maurilio de Oliveira s\u00e3o cantores, instrumentistas, compositores, arranjadores, atores e produtores. Juntos, completam 25 anos de trajet\u00f3ria na m\u00fasica popular brasileira, com colabora\u00e7\u00f5es de nomes como Beth Carvalho (madrinha da dupla), Maria Rita, Diogo Nogueira, Jair Rodrigues, Emicida, Paulo Miklos e muitos outros. Os irm\u00e3os integraram o grupo Quinteto em Branco e Preto por 18 anos e fundaram, no ano 2000, o projeto Comunidade Samba da Vela, movimento de grande express\u00e3o na cena do samba brasileiro, espelho e refer\u00eancia para o surgimento de mais 100 comunidades de samba no pa\u00eds. A inten\u00e7\u00e3o dos irm\u00e3os \u00e9 clara: manter viva a tradi\u00e7\u00e3o do samba.<\/p>\n<p dir=\"ltr\">Ao longo da carreira, a dupla realizou v\u00e1rias parcerias em projetos que v\u00e3o do tradicional samba de raiz at\u00e9 gafieira, orquestras sinf\u00f4nicas, hip hop, samba rock, pagode e pop, sempre contextualizando o samba em suas diferentes vertentes. Al\u00e9m disso, tamb\u00e9m realizou projetos de shows de tributo, como o mais recente Obrigado, Clementina, idealizado pelo cantor Emicida com dire\u00e7\u00e3o musical de Magnu e Maurilio, com roteiro em homenagem a Clementina de Jesus.<\/p>\n<p dir=\"ltr\">O Quintal dos Prettos, idealizado pelos irm\u00e3os Magnu Sous\u00e1 e Maur\u00edlio de Oliveira, \u00e9 conhecido por trazer ao p\u00fablico uma atmosfera das antigas rodas de samba da d\u00e9cada de 1980 e tem o objetivo unir as pessoas para ampliar o di\u00e1logo, a toler\u00e2ncia, o respeito e promover uma sociedade harmoniosa para todos os apaixonados pelo samba.\u00a0 A roda \u00e9 formada por 12 conceituados m\u00fasicos paulistas: Fernando Neninho, Richard Sousa, Roger Toddy, Rafael Moreira, Luizinho Ramos, Ulisses Sousa, Jardel, F\u00e1bio Gazzu e Nen\u00ea P.N.O. O projeto ganhou o seu primeiro registro audiovisual intitulado Quintal dos Prettos Ao Vivo, que recebeu convidados ilustres da m\u00fasica como Maria Rita, Emicida, Arlindinho, Salgadinho e Fred Camacho.<\/p>","protected":false},"excerpt":{"rendered":"<p>Olhar para dentro de si e explorar todas as habilidades internas tem sido um grande diferencial e uma grande ferramenta para os artistas nos \u00faltimos tempos. O momento pede reinven\u00e7\u00e3o e Magnu Sous\u00e1 e Maur\u00edlio de Oliveira (Prettos) decidiram embarcar em uma jornada de autoconhecimento art\u00edstico assinado a duas m\u00e3os: o segundo \u00e1lbum intitulado Novo [&hellip;]<\/p>\n","protected":false},"author":1,"featured_media":58380,"comment_status":"closed","ping_status":"open","sticky":false,"template":"","format":"standard","meta":{"footnotes":""},"categories":[154],"tags":[4077],"class_list":["post-58370","post","type-post","status-publish","format-standard","has-post-thumbnail","hentry","category-musica","tag-prettos"],"_links":{"self":[{"href":"https:\/\/portalpopmais.com.br\/en\/wp-json\/wp\/v2\/posts\/58370","targetHints":{"allow":["GET"]}}],"collection":[{"href":"https:\/\/portalpopmais.com.br\/en\/wp-json\/wp\/v2\/posts"}],"about":[{"href":"https:\/\/portalpopmais.com.br\/en\/wp-json\/wp\/v2\/types\/post"}],"author":[{"embeddable":true,"href":"https:\/\/portalpopmais.com.br\/en\/wp-json\/wp\/v2\/users\/1"}],"replies":[{"embeddable":true,"href":"https:\/\/portalpopmais.com.br\/en\/wp-json\/wp\/v2\/comments?post=58370"}],"version-history":[{"count":0,"href":"https:\/\/portalpopmais.com.br\/en\/wp-json\/wp\/v2\/posts\/58370\/revisions"}],"wp:attachment":[{"href":"https:\/\/portalpopmais.com.br\/en\/wp-json\/wp\/v2\/media?parent=58370"}],"wp:term":[{"taxonomy":"category","embeddable":true,"href":"https:\/\/portalpopmais.com.br\/en\/wp-json\/wp\/v2\/categories?post=58370"},{"taxonomy":"post_tag","embeddable":true,"href":"https:\/\/portalpopmais.com.br\/en\/wp-json\/wp\/v2\/tags?post=58370"}],"curies":[{"name":"wp","href":"https:\/\/api.w.org\/{rel}","templated":true}]}}