{"id":58526,"date":"2020-07-10T13:01:29","date_gmt":"2020-07-10T16:01:29","guid":{"rendered":"https:\/\/portalpopmais.wpcomstaging.com\/?p=58526"},"modified":"2020-12-31T14:22:33","modified_gmt":"2020-12-31T17:22:33","slug":"anitta-entrevista-tocame","status":"publish","type":"post","link":"https:\/\/portalpopmais.com.br\/en\/anitta-entrevista-tocame\/","title":{"rendered":"ENTREVISTA | Anitta fala sobre o processo criativo de &#8220;T\u00f3came&#8221;, do seu pr\u00f3ximo \u00e1lbum e nova fase"},"content":{"rendered":"<p>Nesta sexta-feira (10\/7), <strong>Anitta<\/strong> iniciou mais um projeto internacional com a \u00f3tima <em>&#8220;T\u00f3came&#8221;,<\/em> parceria com os rappers porto-riquenhos <strong>Arc\u00e1ngel<\/strong> e <strong>De La Guetto<\/strong>. Voltada ao mercado internacional, a m\u00fasica \u00e9 um <em>reggaeton<\/em> contagiante e traz um clipe gravado com drones, mostrando a rotina das pessoas durante a quarentena.<\/p>\n<p><em>&#8220;T\u00f3came&#8221;<\/em> \u00e9 a primeira amostra do pr\u00f3ximo disco de Anitta, previsto para o final de 2020. O \u00e1lbum tem produ\u00e7\u00e3o <strong>Ryan Tedder<\/strong>, que j\u00e1 trabalhou com Adele, Beyonc\u00e9 e Bruno Mars. Apesar de j\u00e1 ter material pronto para iniciar os trabalhos do disco, Anitta escolheu <em>&#8220;T\u00f3came&#8221;<\/em> como pontap\u00e9 inicial justamente por conta da situa\u00e7\u00e3o de quarentena.<\/p>\n<div id=\"attachment_58534\" style=\"width: 934px\" class=\"wp-caption aligncenter\"><img loading=\"lazy\" decoding=\"async\" aria-describedby=\"caption-attachment-58534\" class=\"size-full wp-image-58534\" src=\"https:\/\/portalpopmais.wpcomstaging.com\/wp-content\/uploads\/2020\/07\/anittatocamefoto-2.jpg\" alt=\"\" width=\"924\" height=\"988\" title=\"\"><p id=\"caption-attachment-58534\" class=\"wp-caption-text\">O ensaio fotogr\u00e1fico usado em &#8220;T\u00f3came&#8221; n\u00e3o conversa diretamente com o feito para o novo disco. (Foto: Divulga\u00e7\u00e3o)<\/p><\/div>\n<p>Ao <strong>POP Mais<\/strong>, a cantora comentou sobre o projeto<em>. &#8220;Escolhemos &#8220;T\u00f3came&#8221; por conta da situa\u00e7\u00e3o de quarentena, embora &#8216;Me Gusta&#8217; j\u00e1 estivesse gravado. Embora a gente acredite que &#8216;Me Gusta&#8217; seja uma m\u00fasica muito mais forte, por ter mais produ\u00e7\u00e3o brasileira. N\u00f3s t\u00ednhamos uma estrat\u00e9gia de divulga\u00e7\u00e3o dessa m\u00fasica, por ter muitos elementos brasileiros, era uma bateria de programas de TV e coisas internacionais que precisariam da minha presen\u00e7a para contextualizar&#8221;, explica. &#8220;Ent\u00e3o a gente preferiu lan\u00e7ar uma outra m\u00fasica, que \u00e9 &#8220;T\u00f3came&#8221;. Assim n\u00e3o se arrisca nada e tamb\u00e9m n\u00e3o fica um buraco nessa quarentena&#8221;<\/em>, comentou.<\/p>\n<p><a href=\"https:\/\/portalpopmais.wpcomstaging.com\/anitta-tocame-clipe\/\" target=\"_blank\" rel=\"noopener\"><strong>[+] Confira todos os detalhes sobre &#8220;T\u00f3came&#8221;, novo single de Anitta<\/strong><\/a><\/p>\n<p><strong><a href=\"https:\/\/portalpopmais.wpcomstaging.com\/critica-anitta-tocame\/\" target=\"_blank\" rel=\"noopener\">[+] CR\u00cdTICA | Com passo firme e coeso, Anitta convida o mundo para &#8220;T\u00f3came&#8221;<\/a><\/strong><\/p>\n<p>Outro assunto bastante comentado redes sociais, foi a diferen\u00e7a entre o ensaio fotogr\u00e1fico utilizado na divulga\u00e7\u00e3o do clipe e o resultado em v\u00eddeo. Todos estavam perguntando: &#8220;Vai ter ou n\u00e3o o look roxo?&#8221;.<em> &#8220;N\u00e3o, n\u00e3o vai&#8221;,<\/em> disse ela.<em> &#8220;Tamb\u00e9m por conta da pandemia. N\u00f3s t\u00ednhamos feito algumas\u00a0 fotos de divulga\u00e7\u00e3o para imprensa com minha assessoria internacional. Foram fotos super bem produzidas, com o diretor criativo que fez os \u00faltimos ensaios da Lady Gaga&#8221;, <\/em>explicou se referindo \u00e0 <em>&#8220;Me Gusta&#8221;. &#8220;Ent\u00e3o tivemos que usar o material j\u00e1 existente para agora [&#8216;T\u00f3came&#8217;], j\u00e1 que n\u00e3o tinha muita estrutura, n\u00e3o podia juntar gente, etc. &#8216;Me Gusta&#8217; \u00e9 diferente, j\u00e1 vem com as caracter\u00edsticas do clipe. J\u00e1 conversa mais com o restante do \u00e1lbum&#8221;. <\/em>Gravado em fevereiro, na Bahia, a faixa citada pela cantora \u00e9 uma colabora\u00e7\u00e3o com\u00a0outro <em>rapper<\/em> forte no mercado latino, <strong>Myke Towers<\/strong>. A can\u00e7\u00e3o era esperada como primeiro single do A5, e teria uma forte divulga\u00e7\u00e3o na semana do Festival Coachella, onde brasileira seria uma das atra\u00e7\u00f5es.<\/p>\n<p>Quanto as parcerias do novo projeto, ela explica que n\u00e3o teremos muitas.<em> \u201cNesse \u00e1lbum n\u00e3o vai ter muita parceria, a n\u00e3o ser que meu manager venha com umas surpresinhas em cima da hora, mas a minha ideia n\u00e3o era de ter parceria\u201d<\/em>, disse a cantora.<\/p>\n<p>Ainda sem t\u00edtulo revelado, o novo disco da carioca trar\u00e1 elementos brasileiros na sonoridade, mesmo com a maioria das m\u00fasicas sendo cantas em espanhol e ingl\u00eas. Uma das faixas, inclusive, falar\u00e1 sobre a descoberta do novo irm\u00e3o de Anitta, no ano passado.<em> \u201cEu misturei muita coisa brasileira, muita do Rio e da minha vida pessoal. Por exemplo, uma das m\u00fasicas, que \u00e9 a minha preferida do \u00e1lbum, inclusive, quando eu estava escrevendo no est\u00fadio, foi quando eu descobri pelo jornal que eu tinha um novo irm\u00e3o, o Felipe. Quando eu \u201cdescobri\u201d o Felipe, foi exatamente neste dia. Eu estava no est\u00fadio, a gente estava escrevendo essa m\u00fasica, que \u00e9 a minha preferida, que tem muito de Brasil, muito da minha vida em Hon\u00f3rio [Gurgel], estava falando bem da minha vida, bem da minha inf\u00e2ncia em Hon\u00f3rio, e do nada eu comecei a ver mensagens no celular sobre isso. E eu fiquei muito feliz. Eu amo a minha fam\u00edlia e sempre quis ter mais irm\u00e3os. E a\u00ed eu fiquei feliz, mas de um jeito em que eu n\u00e3o conseguia mais me concentrar na m\u00fasica. Pulava, chorava, mandava mensagens pra ele, pro Felipe. A gente nunca tinha se falado, foi a primeira vez que eu falei com ele. E os produtores, que s\u00e3o Stargate que j\u00e1 fizeram um \u00e1lbum do Coldplay, eles disseram: \u2018coloca isso na letra\u2019. E colocamos isso na letra, em ingl\u00eas. Ent\u00e3o as m\u00fasicas est\u00e3o muito pessoais e com um som muito brasileiro, ent\u00e3o eu n\u00e3o me sinto \u00e0 vontade de colocar muitas pessoas nesse \u00e1lbum.\u201d<\/em>, dissertou.<\/p>\n<p>Perguntei ainda se lan\u00e7ar disco para o mercado internacional traz o mesmo sentimento, aquele frio na barriga, de quando come\u00e7ou na Furac\u00e3o 2000. Ela respondeu em tom de orgulho, relembrando a sua brilhante trajet\u00f3ria at\u00e9 aqui. <em>&#8220;N\u00e3o, porque eu pus na minha cabe\u00e7a de n\u00e3o me sentir mais pressionada. Eu ficava pensando nisso, com medo. Falava &#8216;tem que dar certo, tem bombar, etc.&#8217;. Mas eu parei pra pensar. Eu tenho 27 anos e j\u00e1 fiz muita coisa incr\u00edvel, gravei com Madonna, Pharrell, Snoop Dogg, a Mariah Carey me conhece, meus \u00eddolos conhecem meu trabalho. Ent\u00e3o, eu n\u00e3o estou criando expectativa, estou apenas tentando fazer algo de que me orgulhe. E eu me orgulho muito!&#8221;, <\/em>explica<em>. &#8220;Este \u00e9 o \u00e1lbum que eu mais amo na vida, \u00e9 um sonho. T\u00e1 muito lindo!&#8221;<\/em>, comemora.<\/p>\n<p>Anitta finaliza falando que hoje se sente realizada. <em>&#8220;Seeu fosse Deus e olhasse pra mim e visse ela frustrada ou reclamando de alguma coisa, eu ia ficar muito put*. Ia falar &#8216;voc\u00ea nunca est\u00e1 satisfeita?. Olha tudo o que j\u00e1 aconteceu!&#8217; Estou tentando enxergar por esse lado. Ent\u00e3o claro, se acontecer coisas &#8216;maras&#8217; \u00f3timo, se n\u00e3o acontecer &#8216;mara&#8217; tamb\u00e9m. Tenho que ser justa com tudo o que j\u00e1 aconteceu comigo, mas obvio que vamos continuar trabalhado. Com certeza!&#8221;,<\/em> concluiu.<\/p>\n<p><iframe loading=\"lazy\" title=\"T\u00f3came - Anitta feat. Arcangel &amp; De La Ghetto (Official Music Video)\" width=\"880\" height=\"495\" src=\"https:\/\/www.youtube.com\/embed\/xdHo7oLRjF8?feature=oembed\" frameborder=\"0\" allow=\"accelerometer; autoplay; clipboard-write; encrypted-media; gyroscope; picture-in-picture\" allowfullscreen><\/iframe><\/p>\n","protected":false},"excerpt":{"rendered":"<p>Nesta sexta-feira (10\/7), Anitta iniciou mais um projeto internacional com a \u00f3tima &#8220;T\u00f3came&#8221;, parceria com os rappers porto-riquenhos Arc\u00e1ngel e De La Guetto. Voltada ao mercado internacional, a m\u00fasica \u00e9 um reggaeton contagiante e traz um clipe gravado com drones, mostrando a rotina das pessoas durante a quarentena. &#8220;T\u00f3came&#8221; \u00e9 a primeira amostra do pr\u00f3ximo [&hellip;]<\/p>\n","protected":false},"author":1,"featured_media":71168,"comment_status":"closed","ping_status":"open","sticky":false,"template":"","format":"standard","meta":{"footnotes":""},"categories":[177],"tags":[167,4084,3975,2163],"class_list":["post-58526","post","type-post","status-publish","format-standard","has-post-thumbnail","hentry","category-entrevistas","tag-anitta","tag-anitta-entrevista","tag-anitta-tocame","tag-capa"],"_links":{"self":[{"href":"https:\/\/portalpopmais.com.br\/en\/wp-json\/wp\/v2\/posts\/58526","targetHints":{"allow":["GET"]}}],"collection":[{"href":"https:\/\/portalpopmais.com.br\/en\/wp-json\/wp\/v2\/posts"}],"about":[{"href":"https:\/\/portalpopmais.com.br\/en\/wp-json\/wp\/v2\/types\/post"}],"author":[{"embeddable":true,"href":"https:\/\/portalpopmais.com.br\/en\/wp-json\/wp\/v2\/users\/1"}],"replies":[{"embeddable":true,"href":"https:\/\/portalpopmais.com.br\/en\/wp-json\/wp\/v2\/comments?post=58526"}],"version-history":[{"count":0,"href":"https:\/\/portalpopmais.com.br\/en\/wp-json\/wp\/v2\/posts\/58526\/revisions"}],"wp:featuredmedia":[{"embeddable":true,"href":"https:\/\/portalpopmais.com.br\/en\/wp-json\/wp\/v2\/media\/71168"}],"wp:attachment":[{"href":"https:\/\/portalpopmais.com.br\/en\/wp-json\/wp\/v2\/media?parent=58526"}],"wp:term":[{"taxonomy":"category","embeddable":true,"href":"https:\/\/portalpopmais.com.br\/en\/wp-json\/wp\/v2\/categories?post=58526"},{"taxonomy":"post_tag","embeddable":true,"href":"https:\/\/portalpopmais.com.br\/en\/wp-json\/wp\/v2\/tags?post=58526"}],"curies":[{"name":"wp","href":"https:\/\/api.w.org\/{rel}","templated":true}]}}