{"id":58722,"date":"2020-07-12T00:10:46","date_gmt":"2020-07-12T03:10:46","guid":{"rendered":"https:\/\/portalpopmais.wpcomstaging.com\/?p=58722"},"modified":"2020-07-12T00:10:46","modified_gmt":"2020-07-12T03:10:46","slug":"anitta-performance-tocame-tv","status":"publish","type":"post","link":"https:\/\/portalpopmais.com.br\/en\/anitta-performance-tocame-tv\/","title":{"rendered":"Anitta faz primeira performance televisiva de &#8220;T\u00f3came&#8221;, parceria com Arc\u00e1ngel e De La Guetto"},"content":{"rendered":"<p>Neste s\u00e1bado(11\/7), <strong>Anitta<\/strong> participou do programa &#8220;Altas Horas&#8221;, da TV Globo. A cantora deu uma entrevista, onde falou do seu novo projeto e aproveitou para divulgar a rec\u00e9m lan\u00e7ada &#8220;<em>T\u00f3came<\/em>&#8220;, sua parceria com os <em>rappers<\/em> porto-riquenhos <strong>Arc\u00e1ngel <\/strong>e<strong> De La Guetto.<\/strong><\/p>\n<p>Anitta fez uma apresenta\u00e7\u00e3o direto de casa, por conta da quarentena, mas gravada ao vivo.<\/p>\n<p>Assista:<\/p>\n<blockquote class=\"twitter-tweet\" data-width=\"550\" data-dnt=\"true\">\n<p lang=\"pt\" dir=\"ltr\">.<a href=\"https:\/\/twitter.com\/Anitta?ref_src=twsrc%5Etfw\" target=\"_blank\" rel=\"noopener\">@anitta<\/a> fez a primeira performance televisiva de &quot;T\u00f3came&quot;, sua parceria com Arcangel e De La Guetto. A apresenta\u00e7\u00e3o aconteceu no programa &quot;Altas Horas&quot;. (\ud83c\udfa5: TV Globo) <a href=\"https:\/\/t.co\/Bdj66S2IQH\">pic.twitter.com\/Bdj66S2IQH<\/a><\/p>\n<p>&mdash; POP Mais (@portalpopmais) <a href=\"https:\/\/twitter.com\/portalpopmais\/status\/1282147152819621888?ref_src=twsrc%5Etfw\" target=\"_blank\" rel=\"noopener\">July 12, 2020<\/a><\/p><\/blockquote>\n<p><script async src=\"https:\/\/platform.twitter.com\/widgets.js\" charset=\"utf-8\"><\/script><\/p>\n<p><em>&#8220;T\u00f3came&#8221;<\/em> foi a segunda melhor estreia feminina da semana no Spotify Global. A faixa alcan\u00e7ou mais de 880 mil reprodu\u00e7\u00f5es, garantindo a posi\u00e7\u00e3o #135 no ranking mundial da plataforma de streaming. No Brasil, a primeira amostra do quinto \u00e1lbum da carioca estreou em 3\u00b0 lugar, com quase meio milh\u00e3o de plays.<\/p>\n<h3>Grammy passa a seguir Anitta nas redes sociais<\/h3>\n<p>O lan\u00e7amento do mais novo single de Anitta teve ampla repercuss\u00e3o internacional, sendo noticiado em v\u00e1rios ve\u00edculos de imprensa pela Am\u00e9rica Latina, Estados Unidos e Europa, levando o nome da brasileira a v\u00f4os ainda mais altos.<\/p>\n<p>Um dia ap\u00f3s o buzz do lan\u00e7amento, a conta oficial do GRAMMY, principal premia\u00e7\u00e3o musical estadunidense e uma das mais importantes do mundo, passou a seguir Anitta nas redes sociais. Al\u00e9m do Instagram, o perfil da Academia tamb\u00e9m seguiu a conta da brasileira no Twitter.<\/p>\n<p>Al\u00e9m da carioca, o GRAMMY tamb\u00e9m seguiu Arc\u00e1ngel, que colabora com Anitta em <em>&#8220;T\u00f3came&#8221;<\/em> e Myke Towers, que aparece na faixa &#8220;Me Gusta&#8221; &#8211; uma das faixas do novo disco da cantora &#8211; cujo clipe foi gravado em fevereiro, em Salvador.<\/p>\n<blockquote class=\"twitter-tweet\" data-width=\"550\" data-dnt=\"true\">\n<p lang=\"pt\" dir=\"ltr\">T\u00e1 vindo a\u00ed! Conta oficial do Grammy passa a seguir <a href=\"https:\/\/twitter.com\/Anitta?ref_src=twsrc%5Etfw\" target=\"_blank\" rel=\"noopener\">@anitta<\/a> e Arc\u00e1ngel, um dia ap\u00f3s o lan\u00e7amento de <a href=\"https:\/\/twitter.com\/hashtag\/T%C3%B3came?src=hash&amp;ref_src=twsrc%5Etfw\" target=\"_blank\" rel=\"noopener\">#T\u00f3came<\/a>. (\ud83d\udcf8: Divulga\u00e7\u00e3o; Reprodu\u00e7ao\/ Instagram) <a href=\"https:\/\/t.co\/3kbMbwOh30\">pic.twitter.com\/3kbMbwOh30<\/a><\/p>\n<p>&mdash; POP Mais (@portalpopmais) <a href=\"https:\/\/twitter.com\/portalpopmais\/status\/1282102239860006914?ref_src=twsrc%5Etfw\" target=\"_blank\" rel=\"noopener\">July 11, 2020<\/a><\/p><\/blockquote>\n<p><script async src=\"https:\/\/platform.twitter.com\/widgets.js\" charset=\"utf-8\"><\/script><\/p>","protected":false},"excerpt":{"rendered":"<p>Neste s\u00e1bado(11\/7), Anitta participou do programa &#8220;Altas Horas&#8221;, da TV Globo. A cantora deu uma entrevista, onde falou do seu novo projeto e aproveitou para divulgar a rec\u00e9m lan\u00e7ada &#8220;T\u00f3came&#8220;, sua parceria com os rappers porto-riquenhos Arc\u00e1ngel e De La Guetto. Anitta fez uma apresenta\u00e7\u00e3o direto de casa, por conta da quarentena, mas gravada ao [&hellip;]<\/p>\n","protected":false},"author":1,"featured_media":58726,"comment_status":"closed","ping_status":"open","sticky":false,"template":"","format":"standard","meta":{"footnotes":""},"categories":[154,183],"tags":[167],"class_list":["post-58722","post","type-post","status-publish","format-standard","has-post-thumbnail","hentry","category-musica","category-videos","tag-anitta"],"_links":{"self":[{"href":"https:\/\/portalpopmais.com.br\/en\/wp-json\/wp\/v2\/posts\/58722","targetHints":{"allow":["GET"]}}],"collection":[{"href":"https:\/\/portalpopmais.com.br\/en\/wp-json\/wp\/v2\/posts"}],"about":[{"href":"https:\/\/portalpopmais.com.br\/en\/wp-json\/wp\/v2\/types\/post"}],"author":[{"embeddable":true,"href":"https:\/\/portalpopmais.com.br\/en\/wp-json\/wp\/v2\/users\/1"}],"replies":[{"embeddable":true,"href":"https:\/\/portalpopmais.com.br\/en\/wp-json\/wp\/v2\/comments?post=58722"}],"version-history":[{"count":0,"href":"https:\/\/portalpopmais.com.br\/en\/wp-json\/wp\/v2\/posts\/58722\/revisions"}],"wp:featuredmedia":[{"embeddable":true,"href":"https:\/\/portalpopmais.com.br\/en\/wp-json\/"}],"wp:attachment":[{"href":"https:\/\/portalpopmais.com.br\/en\/wp-json\/wp\/v2\/media?parent=58722"}],"wp:term":[{"taxonomy":"category","embeddable":true,"href":"https:\/\/portalpopmais.com.br\/en\/wp-json\/wp\/v2\/categories?post=58722"},{"taxonomy":"post_tag","embeddable":true,"href":"https:\/\/portalpopmais.com.br\/en\/wp-json\/wp\/v2\/tags?post=58722"}],"curies":[{"name":"wp","href":"https:\/\/api.w.org\/{rel}","templated":true}]}}