{"id":59130,"date":"2020-07-16T00:03:18","date_gmt":"2020-07-16T03:03:18","guid":{"rendered":"https:\/\/portalpopmais.wpcomstaging.com\/?p=59130"},"modified":"2020-07-16T00:03:18","modified_gmt":"2020-07-16T03:03:18","slug":"anitta-girl-from-rio-confirmado","status":"publish","type":"post","link":"https:\/\/portalpopmais.com.br\/en\/anitta-girl-from-rio-confirmado\/","title":{"rendered":"Em live, Anitta confirma faixa &#8220;Girl From Rio&#8221;, poss\u00edvel nome do \u00e1lbum e feat. com Cardi B"},"content":{"rendered":"<p style=\"text-align: left;\">Nesta quarta-feira (15), <strong>Anitta<\/strong> deu entrevista ao Instagram do <a href=\"https:\/\/instagram.com\/enews?igshid=176g4kkwha7n5\" target=\"_blank\" rel=\"nofollow noopener noreferrer\"><strong>\u00a0E! News<\/strong><\/a>, dos Estados Unidos. Na live, a brasileira falou sobre\u00a0seu novo \u00e1lbum.<\/p>\n<p>Durante o bate-papo, a carioca confirmou a presen\u00e7a de uma faixa &#8211; que h\u00e1 meses \u00e9 especulada na web &#8211; <em>&#8220;Girl From Rio&#8221;.<\/em> Para Anitta, este tamb\u00e9m \u00e9 seu nome preferido para o t\u00edtulo do seu quinto disco de est\u00fadio, que tem previs\u00e3o de lan\u00e7amento para o \u00faltimo trimestre de 2020.<\/p>\n<div id=\"attachment_58436\" style=\"width: 586px\" class=\"wp-caption aligncenter\"><img loading=\"lazy\" decoding=\"async\" aria-describedby=\"caption-attachment-58436\" class=\"size-full wp-image-58436\" src=\"https:\/\/portalpopmais.wpcomstaging.com\/wp-content\/uploads\/2020\/07\/IMG-20200709-WA0795.jpg\" alt=\"Anitta\" width=\"576\" height=\"576\" title=\"\"><p id=\"caption-attachment-58436\" class=\"wp-caption-text\">Anitta (Foto: Divulga\u00e7\u00e3o)<\/p><\/div>\n<p>A cantora falou ainda sobre o impacto da pandemia no lan\u00e7amento do \u00e1lbum. \u201c<em>A gente tinha v\u00e1rios planos, por conta do Coachella, e a\u00ed veio a pandemia e a gente teve que mudar toda a estrat\u00e9gia. A gente desenhou um plano onde a gente constr\u00f3i uma escadinha para vir com minhas m\u00fasicas, que a\u00ed realmente foram desenhadas com sabor de Brasil. A\u00ed vem aquela que gravei l\u00e1 na Bahia, e que tem tudo a ver com o \u00e1lbum inteiro\u201d.<\/em><\/p>\n<blockquote class=\"twitter-tweet\" data-width=\"550\" data-dnt=\"true\">\n<p lang=\"pt\" dir=\"ltr\">E vamos de hino \u00e0 caminho! Suposto trecho de &quot;Girl From Rio&quot;, uma das m\u00fasicas novas registradas por Anitta (<a href=\"https:\/\/twitter.com\/Anitta?ref_src=twsrc%5Etfw\" target=\"_blank\" rel=\"noopener\">@anitta<\/a>), chega a web e a galera j\u00e1 aposta que o sucessor do <a href=\"https:\/\/twitter.com\/hashtag\/KISSES?src=hash&amp;ref_src=twsrc%5Etfw\" target=\"_blank\" rel=\"noopener\">#KISSES<\/a> vem a\u00ed! <a href=\"https:\/\/t.co\/MLFlkYvygN\">pic.twitter.com\/MLFlkYvygN<\/a><\/p>\n<p>&mdash; POP Mais (@portalpopmais) <a href=\"https:\/\/twitter.com\/portalpopmais\/status\/1244070709674024961?ref_src=twsrc%5Etfw\" target=\"_blank\" rel=\"noopener\">March 29, 2020<\/a><\/p><\/blockquote>\n<p><script async src=\"https:\/\/platform.twitter.com\/widgets.js\" charset=\"utf-8\"><\/script><\/p>\n<h4>Anitta fala sobre feat com Cardi B<\/h4>\n<p>Outro assunto que n\u00e3o sai da boca dos f\u00e3s da cantora \u00e9 a parceria com a rapper Cardi B. Anitta vem se mantendo em sil\u00eancio sobre a can\u00e7\u00e3o, mas refor\u00e7ou, durante a entrevista ao E!, que ela vai acontecer.<\/p>\n<p>Sem esticar a conversa, a cantora comentou que o adiamento tamb\u00e9m se deu por conta da pandemia.<\/p>\n<div id=\"attachment_59133\" style=\"width: 630px\" class=\"wp-caption aligncenter\"><img loading=\"lazy\" decoding=\"async\" aria-describedby=\"caption-attachment-59133\" class=\"size-full wp-image-59133\" src=\"https:\/\/portalpopmais.wpcomstaging.com\/wp-content\/uploads\/2020\/07\/IMG_20200715_235436.jpg\" alt=\"Anitta\" width=\"620\" height=\"450\" title=\"\"><p id=\"caption-attachment-59133\" class=\"wp-caption-text\">Cardi B e Anitta (Foto: Divulga\u00e7\u00e3o)<\/p><\/div>\n<h4>Anitta faz esquenta para novo \u00e1lbum<\/h4>\n<p>Sobre seus \u00faltimos lan\u00e7amentos, &#8220;<em>Desce Pro Play<\/em>&#8220;, &#8220;<em>Paloma<\/em>&#8221; e &#8220;<em>T\u00f3came<\/em>&#8220;, Anitta revelou que s\u00e3o m\u00fasicas &#8220;esquenta&#8221;, uma esp\u00e9cie de prepara\u00e7\u00e3o de terreno para o disco<\/p>\n<p>&#8220;<em>A pandemia fez a gente ficar muito tempo sem saber como proceder. Definimos um novo plano. Por isso est\u00e1 um lan\u00e7amento atr\u00e1s do outro, preparando o terreno para vir com as m\u00fasicas que a gente realmente fez para o meu \u00e1lbum, com a mistura de Brasil com os idiomas todos, ent\u00e3o, pelo amor de Deus, vamos ver o lan\u00e7amento j\u00e1 com essa perspectiva<\/em>\u201d, explicou.<\/p>\n<p><iframe loading=\"lazy\" title=\"Anitta &quot;T\u00f3came&quot; feat. Arcangel &amp; De La Ghetto (Official Music Video)\" width=\"880\" height=\"495\" src=\"https:\/\/www.youtube.com\/embed\/xdHo7oLRjF8?feature=oembed\" frameborder=\"0\" allow=\"accelerometer; autoplay; clipboard-write; encrypted-media; gyroscope; picture-in-picture\" allowfullscreen><\/iframe><\/p>","protected":false},"excerpt":{"rendered":"<p>Nesta quarta-feira (15), Anitta deu entrevista ao Instagram do \u00a0E! News, dos Estados Unidos. Na live, a brasileira falou sobre\u00a0seu novo \u00e1lbum. Durante o bate-papo, a carioca confirmou a presen\u00e7a de uma faixa &#8211; que h\u00e1 meses \u00e9 especulada na web &#8211; &#8220;Girl From Rio&#8221;. Para Anitta, este tamb\u00e9m \u00e9 seu nome preferido para o [&hellip;]<\/p>\n","protected":false},"author":9,"featured_media":53668,"comment_status":"closed","ping_status":"open","sticky":false,"template":"","format":"standard","meta":{"footnotes":""},"categories":[154],"tags":[167,4076],"class_list":["post-59130","post","type-post","status-publish","format-standard","has-post-thumbnail","hentry","category-musica","tag-anitta","tag-tocame"],"_links":{"self":[{"href":"https:\/\/portalpopmais.com.br\/en\/wp-json\/wp\/v2\/posts\/59130","targetHints":{"allow":["GET"]}}],"collection":[{"href":"https:\/\/portalpopmais.com.br\/en\/wp-json\/wp\/v2\/posts"}],"about":[{"href":"https:\/\/portalpopmais.com.br\/en\/wp-json\/wp\/v2\/types\/post"}],"author":[{"embeddable":true,"href":"https:\/\/portalpopmais.com.br\/en\/wp-json\/wp\/v2\/users\/9"}],"replies":[{"embeddable":true,"href":"https:\/\/portalpopmais.com.br\/en\/wp-json\/wp\/v2\/comments?post=59130"}],"version-history":[{"count":0,"href":"https:\/\/portalpopmais.com.br\/en\/wp-json\/wp\/v2\/posts\/59130\/revisions"}],"wp:featuredmedia":[{"embeddable":true,"href":"https:\/\/portalpopmais.com.br\/en\/wp-json\/"}],"wp:attachment":[{"href":"https:\/\/portalpopmais.com.br\/en\/wp-json\/wp\/v2\/media?parent=59130"}],"wp:term":[{"taxonomy":"category","embeddable":true,"href":"https:\/\/portalpopmais.com.br\/en\/wp-json\/wp\/v2\/categories?post=59130"},{"taxonomy":"post_tag","embeddable":true,"href":"https:\/\/portalpopmais.com.br\/en\/wp-json\/wp\/v2\/tags?post=59130"}],"curies":[{"name":"wp","href":"https:\/\/api.w.org\/{rel}","templated":true}]}}